{"id":13102,"date":"2021-09-21T14:54:35","date_gmt":"2021-09-21T12:54:35","guid":{"rendered":"https:\/\/www.arnoschrauwers.nl\/weblog\/?p=13102"},"modified":"2021-09-21T14:54:35","modified_gmt":"2021-09-21T12:54:35","slug":"ligt-de-oorsprong-van-alzheimer-in-de-lever","status":"publish","type":"post","link":"https:\/\/www.arnoschrauwers.nl\/weblog\/21\/09\/2021\/ligt-de-oorsprong-van-alzheimer-in-de-lever\/","title":{"rendered":"Ligt de oorsprong van Alzheimer in de lever?"},"content":{"rendered":"<div id=\"attachment_7939\" style=\"width: 294px\" class=\"wp-caption alignleft\"><img decoding=\"async\" aria-describedby=\"caption-attachment-7939\" class=\"wp-image-7939\" src=\"https:\/\/www.arnoschrauwers.nl\/weblog\/wp-content\/uploads\/amylo\u00efdeonderzoek.jpg\" alt=\"Alzheimermedicijn ver weg (?)\" width=\"284\" srcset=\"https:\/\/www.arnoschrauwers.nl\/weblog\/wp-content\/uploads\/amylo\u00efdeonderzoek.jpg 564w, https:\/\/www.arnoschrauwers.nl\/weblog\/wp-content\/uploads\/amylo\u00efdeonderzoek-170x300.jpg 170w\" sizes=\"(max-width: 564px) 100vw, 564px\" \/><p id=\"caption-attachment-7939\" class=\"wp-caption-text\">Ondanks de vele mislukkingen is nog steeds veel Alzheimeronderzoek gericht op beta-amylo\u00efde. Op het staatje het aantal klinische proeven met Alzheimermedicijnen in de diverse fases (afb: New Scientist)<\/p><\/div>\n<p>De <a href=\"https:\/\/www.alzheimer-nederland.nl\/dementie\/soorten-vormen\/ziekte-van-alzheimer\">ziekte van Alzheimer<\/a> gaat gepaard met ophopingen (plaques) van <a href=\"https:\/\/nl.wikipedia.org\/wiki\/B%C3%A8ta-amylo%C3%AFd\">beta-amylo\u00efde<\/a> in de hersencellen die daaraan sterven. Ondanks het vele onderzoek dat daar naar gedaan is, is nog steeds onduidelijk wat de oorzaak van de ziekte is. <a href=\"https:\/\/journals.plos.org\/plosbiology\/article?id=10.1371\/journal.pbio.3001358\">Nu hebben onderzoekers het idee<\/a> dat de oorzaak van de geestesziekte in de lever zou kunnen liggen&#8230; Tsja.<br \/>\n<!--more-->&#8220;Tot nu wisten we niet waar dat beta-amylo\u00efde vandaan komt&#8221;, zegt <a href=\"https:\/\/staffportal.curtin.edu.au\/staff\/profile\/view\/john-mamo-98cf084d\/\">John Mamo<\/a> van de universiteit van Curtin (Aus). Uit eerder onderzoek zou duidelijk zijn geworden dat beta-amylo\u00efde in de hersens wordt gevormd. Daarbij zouden veteiwitten (lipoprote\u00efnen) een rol spelen. Volgens Mamo en de zijnen zou die kennis gebaseerd zijn onderzoek bij muisjes waarbij de productie van beta-amylo\u00efde in het centrale zenuwstelsel (hersens en ruggenmerg) genetisch wordt geactiveerd.<br \/>\nDat zou de zaak vertekenen en niet overeenkomen met wat er bij het gros van de (menselijke) Alzheimerpati\u00ebnten is geconstateerd. Daar is alleen bij pati\u00ebnten met een erfelijke vorm van Alzheimer een overproductie van beta-amylo\u00efde in de hersens waargenomen.<\/p>\n<p>Het dierproefmodel dat Mamo en de zijnen hebben gebruikt is een muisje dat genetisch zo veranderd is dat het geen beta-amylo\u00efde in het centrale zenuwstelsel produceert, maar alleen in de lever. Toch kregen die muisjes plaques in hun hersentjes net als de proefdiertjes die dat eiwit in de hersentjes produceren.<\/p>\n<h2>Lever<\/h2>\n<p>Volgens hun verklaring wordt beta-amylo\u00efde via het bloed naar de hersens getransporteerd door veteiwitten, alwaar de ophopingen ontstaan. Mamo: &#8220;Die bloed\/hersenroute is belangrijk&#8221;, zegt Mamo. &#8220;Dat zou betekenen dat als we de concentratie van beta-amylo\u00efde\/lioprote\u00efnen in het bloed kunnen be\u00efnvloeden we een mogelijkheid hebben Alzheimer te voorkomen.&#8221; Tot nu toe hebben middelen die zijn gericht op het voorkomen van beta-amylo\u00efdeplaques niet of nauwelijks resultaat opgeleverd.<\/p>\n<p>Dat lijkt een aardig resultaat, maar ik vraag me wel af: waarom de lever? Hadden muisjes waarbij beta-amylo\u00efde louter in de nieren zou worden aangemaakt niet hetzelfde probleem gehad? Doet het er toe waar dat vermaledijde eiwit wordt geproduceerd? En waarom hopen die eiwitten zich in de hersens op en worden ze niet, zoals hoort, netjes afgebroken? Het zijn maar vragen van een leek op alle terrein.<\/p>\n<p><em>Bron: <a href=\"https:\/\/www.futura-sciences.com\/sante\/actualites\/maladie-alzheimer-si-maladie-alzheimer-commencait-foie-93668\/#xtor%253DRSS-8\">Futura-Sciences<\/a><\/em><\/p>\n","protected":false},"excerpt":{"rendered":"<p>Onderzoekers denken dat de oorzaak van Alzheimer in de lever zou kunnen liggen, waardoor preventie mogelijk zou zijn. <a href=\"https:\/\/www.arnoschrauwers.nl\/weblog\/21\/09\/2021\/ligt-de-oorsprong-van-alzheimer-in-de-lever\/\">Lees verder <span class=\"meta-nav\">&rarr;<\/span><\/a><\/p>\n","protected":false},"author":2,"featured_media":0,"comment_status":"open","ping_status":"open","sticky":false,"template":"","format":"standard","meta":{"footnotes":""},"categories":[20,96],"tags":[1017,5122,3212,1531],"class_list":["post-13102","post","type-post","status-publish","format-standard","hentry","category-gezondheid","category-hersens","tag-beta-amyloide","tag-beta-amyloideplaques","tag-lever","tag-ziekte-van-alzheimer"],"yoast_head":"<!-- This site is optimized with the Yoast SEO plugin v27.5 - https:\/\/yoast.com\/product\/yoast-seo-wordpress\/ -->\n<title>Ligt de oorsprong van Alzheimer in de lever? - Geleerd uitschot<\/title>\n<meta name=\"description\" content=\"Onderzoekers denken dat de oorzaak van Alzheimer in de lever zou kunnen liggen, waardoor preventie mogelijk zou zijn.\" \/>\n<meta name=\"robots\" content=\"index, follow, max-snippet:-1, max-image-preview:large, max-video-preview:-1\" \/>\n<link rel=\"canonical\" href=\"https:\/\/www.arnoschrauwers.nl\/weblog\/21\/09\/2021\/ligt-de-oorsprong-van-alzheimer-in-de-lever\/\" \/>\n<meta property=\"og:locale\" content=\"nl_NL\" \/>\n<meta property=\"og:type\" content=\"article\" \/>\n<meta property=\"og:title\" content=\"Ligt de oorsprong van Alzheimer in de lever? - Geleerd uitschot\" \/>\n<meta property=\"og:description\" content=\"Onderzoekers denken dat de oorzaak van Alzheimer in de lever zou kunnen liggen, waardoor preventie mogelijk zou zijn.\" \/>\n<meta property=\"og:url\" content=\"https:\/\/www.arnoschrauwers.nl\/weblog\/21\/09\/2021\/ligt-de-oorsprong-van-alzheimer-in-de-lever\/\" \/>\n<meta property=\"og:site_name\" content=\"Geleerd uitschot\" \/>\n<meta property=\"article:published_time\" content=\"2021-09-21T12:54:35+00:00\" \/>\n<meta property=\"og:image\" content=\"https:\/\/www.arnoschrauwers.nl\/weblog\/wp-content\/uploads\/amylo\u00efdeonderzoek.jpg\" \/>\n<meta name=\"author\" content=\"arno s\" \/>\n<meta name=\"twitter:label1\" content=\"Geschreven door\" \/>\n\t<meta name=\"twitter:data1\" content=\"arno s\" \/>\n\t<meta name=\"twitter:label2\" content=\"Geschatte leestijd\" \/>\n\t<meta name=\"twitter:data2\" content=\"2 minuten\" \/>\n<script type=\"application\/ld+json\" class=\"yoast-schema-graph\">{\"@context\":\"https:\\\/\\\/schema.org\",\"@graph\":[{\"@type\":\"Article\",\"@id\":\"https:\\\/\\\/www.arnoschrauwers.nl\\\/weblog\\\/21\\\/09\\\/2021\\\/ligt-de-oorsprong-van-alzheimer-in-de-lever\\\/#article\",\"isPartOf\":{\"@id\":\"https:\\\/\\\/www.arnoschrauwers.nl\\\/weblog\\\/21\\\/09\\\/2021\\\/ligt-de-oorsprong-van-alzheimer-in-de-lever\\\/\"},\"author\":{\"name\":\"arno s\",\"@id\":\"https:\\\/\\\/www.arnoschrauwers.nl\\\/weblog\\\/#\\\/schema\\\/person\\\/8c74e34597e3e2a46ff9b2fb8483fde2\"},\"headline\":\"Ligt de oorsprong van Alzheimer in de lever?\",\"datePublished\":\"2021-09-21T12:54:35+00:00\",\"mainEntityOfPage\":{\"@id\":\"https:\\\/\\\/www.arnoschrauwers.nl\\\/weblog\\\/21\\\/09\\\/2021\\\/ligt-de-oorsprong-van-alzheimer-in-de-lever\\\/\"},\"wordCount\":408,\"commentCount\":0,\"keywords\":[\"beta-amylo\u00efde\",\"beta-amylo\u00efdeplaques\",\"lever\",\"ziekte van Alzheimer\"],\"articleSection\":[\"gezondheid\",\"hersens\"],\"inLanguage\":\"nl-NL\",\"potentialAction\":[{\"@type\":\"CommentAction\",\"name\":\"Comment\",\"target\":[\"https:\\\/\\\/www.arnoschrauwers.nl\\\/weblog\\\/21\\\/09\\\/2021\\\/ligt-de-oorsprong-van-alzheimer-in-de-lever\\\/#respond\"]}]},{\"@type\":\"WebPage\",\"@id\":\"https:\\\/\\\/www.arnoschrauwers.nl\\\/weblog\\\/21\\\/09\\\/2021\\\/ligt-de-oorsprong-van-alzheimer-in-de-lever\\\/\",\"url\":\"https:\\\/\\\/www.arnoschrauwers.nl\\\/weblog\\\/21\\\/09\\\/2021\\\/ligt-de-oorsprong-van-alzheimer-in-de-lever\\\/\",\"name\":\"Ligt de oorsprong van Alzheimer in de lever? - Geleerd uitschot\",\"isPartOf\":{\"@id\":\"https:\\\/\\\/www.arnoschrauwers.nl\\\/weblog\\\/#website\"},\"datePublished\":\"2021-09-21T12:54:35+00:00\",\"author\":{\"@id\":\"https:\\\/\\\/www.arnoschrauwers.nl\\\/weblog\\\/#\\\/schema\\\/person\\\/8c74e34597e3e2a46ff9b2fb8483fde2\"},\"description\":\"Onderzoekers denken dat de oorzaak van Alzheimer in de lever zou kunnen liggen, waardoor preventie mogelijk zou zijn.\",\"breadcrumb\":{\"@id\":\"https:\\\/\\\/www.arnoschrauwers.nl\\\/weblog\\\/21\\\/09\\\/2021\\\/ligt-de-oorsprong-van-alzheimer-in-de-lever\\\/#breadcrumb\"},\"inLanguage\":\"nl-NL\",\"potentialAction\":[{\"@type\":\"ReadAction\",\"target\":[\"https:\\\/\\\/www.arnoschrauwers.nl\\\/weblog\\\/21\\\/09\\\/2021\\\/ligt-de-oorsprong-van-alzheimer-in-de-lever\\\/\"]}]},{\"@type\":\"BreadcrumbList\",\"@id\":\"https:\\\/\\\/www.arnoschrauwers.nl\\\/weblog\\\/21\\\/09\\\/2021\\\/ligt-de-oorsprong-van-alzheimer-in-de-lever\\\/#breadcrumb\",\"itemListElement\":[{\"@type\":\"ListItem\",\"position\":1,\"name\":\"Home\",\"item\":\"https:\\\/\\\/www.arnoschrauwers.nl\\\/weblog\\\/\"},{\"@type\":\"ListItem\",\"position\":2,\"name\":\"Ligt de oorsprong van Alzheimer in de lever?\"}]},{\"@type\":\"WebSite\",\"@id\":\"https:\\\/\\\/www.arnoschrauwers.nl\\\/weblog\\\/#website\",\"url\":\"https:\\\/\\\/www.arnoschrauwers.nl\\\/weblog\\\/\",\"name\":\"Geleerd uitschot\",\"description\":\"Over wetenschap en ander vermaak\",\"potentialAction\":[{\"@type\":\"SearchAction\",\"target\":{\"@type\":\"EntryPoint\",\"urlTemplate\":\"https:\\\/\\\/www.arnoschrauwers.nl\\\/weblog\\\/?s={search_term_string}\"},\"query-input\":{\"@type\":\"PropertyValueSpecification\",\"valueRequired\":true,\"valueName\":\"search_term_string\"}}],\"inLanguage\":\"nl-NL\"},{\"@type\":\"Person\",\"@id\":\"https:\\\/\\\/www.arnoschrauwers.nl\\\/weblog\\\/#\\\/schema\\\/person\\\/8c74e34597e3e2a46ff9b2fb8483fde2\",\"name\":\"arno s\",\"image\":{\"@type\":\"ImageObject\",\"inLanguage\":\"nl-NL\",\"@id\":\"https:\\\/\\\/secure.gravatar.com\\\/avatar\\\/bb84bca689a0564d3856b4db510b1c81bd818da9cf10a0ca85a6a84687de5ad3?s=96&d=blank&r=g\",\"url\":\"https:\\\/\\\/secure.gravatar.com\\\/avatar\\\/bb84bca689a0564d3856b4db510b1c81bd818da9cf10a0ca85a6a84687de5ad3?s=96&d=blank&r=g\",\"contentUrl\":\"https:\\\/\\\/secure.gravatar.com\\\/avatar\\\/bb84bca689a0564d3856b4db510b1c81bd818da9cf10a0ca85a6a84687de5ad3?s=96&d=blank&r=g\",\"caption\":\"arno s\"},\"sameAs\":[\"http:\\\/\\\/www.arnoschrauwers.nl\"]}]}<\/script>\n<!-- \/ Yoast SEO plugin. -->","yoast_head_json":{"title":"Ligt de oorsprong van Alzheimer in de lever? - Geleerd uitschot","description":"Onderzoekers denken dat de oorzaak van Alzheimer in de lever zou kunnen liggen, waardoor preventie mogelijk zou zijn.","robots":{"index":"index","follow":"follow","max-snippet":"max-snippet:-1","max-image-preview":"max-image-preview:large","max-video-preview":"max-video-preview:-1"},"canonical":"https:\/\/www.arnoschrauwers.nl\/weblog\/21\/09\/2021\/ligt-de-oorsprong-van-alzheimer-in-de-lever\/","og_locale":"nl_NL","og_type":"article","og_title":"Ligt de oorsprong van Alzheimer in de lever? - Geleerd uitschot","og_description":"Onderzoekers denken dat de oorzaak van Alzheimer in de lever zou kunnen liggen, waardoor preventie mogelijk zou zijn.","og_url":"https:\/\/www.arnoschrauwers.nl\/weblog\/21\/09\/2021\/ligt-de-oorsprong-van-alzheimer-in-de-lever\/","og_site_name":"Geleerd uitschot","article_published_time":"2021-09-21T12:54:35+00:00","og_image":[{"url":"https:\/\/www.arnoschrauwers.nl\/weblog\/wp-content\/uploads\/amylo\u00efdeonderzoek.jpg","type":"","width":"","height":""}],"author":"arno s","twitter_misc":{"Geschreven door":"arno s","Geschatte leestijd":"2 minuten"},"schema":{"@context":"https:\/\/schema.org","@graph":[{"@type":"Article","@id":"https:\/\/www.arnoschrauwers.nl\/weblog\/21\/09\/2021\/ligt-de-oorsprong-van-alzheimer-in-de-lever\/#article","isPartOf":{"@id":"https:\/\/www.arnoschrauwers.nl\/weblog\/21\/09\/2021\/ligt-de-oorsprong-van-alzheimer-in-de-lever\/"},"author":{"name":"arno s","@id":"https:\/\/www.arnoschrauwers.nl\/weblog\/#\/schema\/person\/8c74e34597e3e2a46ff9b2fb8483fde2"},"headline":"Ligt de oorsprong van Alzheimer in de lever?","datePublished":"2021-09-21T12:54:35+00:00","mainEntityOfPage":{"@id":"https:\/\/www.arnoschrauwers.nl\/weblog\/21\/09\/2021\/ligt-de-oorsprong-van-alzheimer-in-de-lever\/"},"wordCount":408,"commentCount":0,"keywords":["beta-amylo\u00efde","beta-amylo\u00efdeplaques","lever","ziekte van Alzheimer"],"articleSection":["gezondheid","hersens"],"inLanguage":"nl-NL","potentialAction":[{"@type":"CommentAction","name":"Comment","target":["https:\/\/www.arnoschrauwers.nl\/weblog\/21\/09\/2021\/ligt-de-oorsprong-van-alzheimer-in-de-lever\/#respond"]}]},{"@type":"WebPage","@id":"https:\/\/www.arnoschrauwers.nl\/weblog\/21\/09\/2021\/ligt-de-oorsprong-van-alzheimer-in-de-lever\/","url":"https:\/\/www.arnoschrauwers.nl\/weblog\/21\/09\/2021\/ligt-de-oorsprong-van-alzheimer-in-de-lever\/","name":"Ligt de oorsprong van Alzheimer in de lever? - Geleerd uitschot","isPartOf":{"@id":"https:\/\/www.arnoschrauwers.nl\/weblog\/#website"},"datePublished":"2021-09-21T12:54:35+00:00","author":{"@id":"https:\/\/www.arnoschrauwers.nl\/weblog\/#\/schema\/person\/8c74e34597e3e2a46ff9b2fb8483fde2"},"description":"Onderzoekers denken dat de oorzaak van Alzheimer in de lever zou kunnen liggen, waardoor preventie mogelijk zou zijn.","breadcrumb":{"@id":"https:\/\/www.arnoschrauwers.nl\/weblog\/21\/09\/2021\/ligt-de-oorsprong-van-alzheimer-in-de-lever\/#breadcrumb"},"inLanguage":"nl-NL","potentialAction":[{"@type":"ReadAction","target":["https:\/\/www.arnoschrauwers.nl\/weblog\/21\/09\/2021\/ligt-de-oorsprong-van-alzheimer-in-de-lever\/"]}]},{"@type":"BreadcrumbList","@id":"https:\/\/www.arnoschrauwers.nl\/weblog\/21\/09\/2021\/ligt-de-oorsprong-van-alzheimer-in-de-lever\/#breadcrumb","itemListElement":[{"@type":"ListItem","position":1,"name":"Home","item":"https:\/\/www.arnoschrauwers.nl\/weblog\/"},{"@type":"ListItem","position":2,"name":"Ligt de oorsprong van Alzheimer in de lever?"}]},{"@type":"WebSite","@id":"https:\/\/www.arnoschrauwers.nl\/weblog\/#website","url":"https:\/\/www.arnoschrauwers.nl\/weblog\/","name":"Geleerd uitschot","description":"Over wetenschap en ander vermaak","potentialAction":[{"@type":"SearchAction","target":{"@type":"EntryPoint","urlTemplate":"https:\/\/www.arnoschrauwers.nl\/weblog\/?s={search_term_string}"},"query-input":{"@type":"PropertyValueSpecification","valueRequired":true,"valueName":"search_term_string"}}],"inLanguage":"nl-NL"},{"@type":"Person","@id":"https:\/\/www.arnoschrauwers.nl\/weblog\/#\/schema\/person\/8c74e34597e3e2a46ff9b2fb8483fde2","name":"arno s","image":{"@type":"ImageObject","inLanguage":"nl-NL","@id":"https:\/\/secure.gravatar.com\/avatar\/bb84bca689a0564d3856b4db510b1c81bd818da9cf10a0ca85a6a84687de5ad3?s=96&d=blank&r=g","url":"https:\/\/secure.gravatar.com\/avatar\/bb84bca689a0564d3856b4db510b1c81bd818da9cf10a0ca85a6a84687de5ad3?s=96&d=blank&r=g","contentUrl":"https:\/\/secure.gravatar.com\/avatar\/bb84bca689a0564d3856b4db510b1c81bd818da9cf10a0ca85a6a84687de5ad3?s=96&d=blank&r=g","caption":"arno s"},"sameAs":["http:\/\/www.arnoschrauwers.nl"]}]}},"_links":{"self":[{"href":"https:\/\/www.arnoschrauwers.nl\/weblog\/wp-json\/wp\/v2\/posts\/13102","targetHints":{"allow":["GET"]}}],"collection":[{"href":"https:\/\/www.arnoschrauwers.nl\/weblog\/wp-json\/wp\/v2\/posts"}],"about":[{"href":"https:\/\/www.arnoschrauwers.nl\/weblog\/wp-json\/wp\/v2\/types\/post"}],"author":[{"embeddable":true,"href":"https:\/\/www.arnoschrauwers.nl\/weblog\/wp-json\/wp\/v2\/users\/2"}],"replies":[{"embeddable":true,"href":"https:\/\/www.arnoschrauwers.nl\/weblog\/wp-json\/wp\/v2\/comments?post=13102"}],"version-history":[{"count":1,"href":"https:\/\/www.arnoschrauwers.nl\/weblog\/wp-json\/wp\/v2\/posts\/13102\/revisions"}],"predecessor-version":[{"id":13103,"href":"https:\/\/www.arnoschrauwers.nl\/weblog\/wp-json\/wp\/v2\/posts\/13102\/revisions\/13103"}],"wp:attachment":[{"href":"https:\/\/www.arnoschrauwers.nl\/weblog\/wp-json\/wp\/v2\/media?parent=13102"}],"wp:term":[{"taxonomy":"category","embeddable":true,"href":"https:\/\/www.arnoschrauwers.nl\/weblog\/wp-json\/wp\/v2\/categories?post=13102"},{"taxonomy":"post_tag","embeddable":true,"href":"https:\/\/www.arnoschrauwers.nl\/weblog\/wp-json\/wp\/v2\/tags?post=13102"}],"curies":[{"name":"wp","href":"https:\/\/api.w.org\/{rel}","templated":true}]}}