{"id":15925,"date":"2024-12-09T18:04:54","date_gmt":"2024-12-09T16:04:54","guid":{"rendered":"https:\/\/www.arnoschrauwers.nl\/weblog\/?p=15925"},"modified":"2024-12-09T20:50:18","modified_gmt":"2024-12-09T18:50:18","slug":"is-alzheimer-een-autoimmuunziekte","status":"publish","type":"post","link":"https:\/\/www.arnoschrauwers.nl\/weblog\/09\/12\/2024\/is-alzheimer-een-autoimmuunziekte\/","title":{"rendered":"Is Alzheimer een autoimmuunziekte?"},"content":{"rendered":"<div id=\"attachment_15926\" style=\"width: 387px\" class=\"wp-caption alignleft\"><a href=\"https:\/\/www.arnoschrauwers.nl\/weblog\/wp-content\/uploads\/ZvA.jpg\"><img loading=\"lazy\" decoding=\"async\" aria-describedby=\"caption-attachment-15926\" class=\"size-full wp-image-15926\" src=\"https:\/\/www.arnoschrauwers.nl\/weblog\/wp-content\/uploads\/ZvA.jpg\" alt=\"Processen en eiwitten die bij Alzheimer een rol spelen\" width=\"377\" height=\"500\" srcset=\"https:\/\/www.arnoschrauwers.nl\/weblog\/wp-content\/uploads\/ZvA.jpg 377w, https:\/\/www.arnoschrauwers.nl\/weblog\/wp-content\/uploads\/ZvA-226x300.jpg 226w\" sizes=\"auto, (max-width: 377px) 100vw, 377px\" \/><\/a><p id=\"caption-attachment-15926\" class=\"wp-caption-text\">Processen en eiwitten die bij Alzheimer een rol spelen (afb: Donald Weaver et al.\/ Alzheimer&#8217;s Journals)<\/p><\/div>\n<p>Jaarlijks worden er vele miljoenen aan onderzoek uitgegeven om een werkend geneesmiddel te vinden tegen de ziekte van Alzheimer maar tot nog toe hebben al die jaren onderzoek vrijwel niets opgeleverd. Het is nog steeds niet bekend waardoor de ziekte ontstaat. Al weer begin dit jaar stelde <a href=\"https:\/\/www.weaverlab.ca\/drweaver\/\">Donald Weaver<\/a> van de universiteit van Toronto <a href=\"https:\/\/www.sciencealert.com\/alzheimers-might-not-actually-be-a-brain-disease-expert-reveals\">in een lezing<\/a> dat Alzheimer noch wordt veroorzaakt door<a href=\"https:\/\/nl.wikipedia.org\/wiki\/B%C3%A8ta-amylo%C3%AFd\"> beta-amylo\u00efde<\/a>plaques noch door <a href=\"https:\/\/nl.wikipedia.org\/wiki\/Tau-eiwit\">tauknopen<\/a>, maar dat <a href=\"https:\/\/alz-journals.onlinelibrary.wiley.com\/doi\/10.1002\/trc2.12283\">de ziekte een auoimmuunaandoening is<\/a>. Hij lijkt er dat <a href=\"https:\/\/alz-journals.onlinelibrary.wiley.com\/doi\/10.1002\/alz.14373\">ander onderzoek<\/a>, waar <a href=\"https:\/\/nl.wikipedia.org\/wiki\/Microglia\">microglia<\/a>cellen als &#8216;boosdoeners&#8217; worden genoemd, dit idee ondersteunt. Gliacellen zou je de afweercellen van de hersens kunnen noemen.<br \/>\n<!--more--><br \/>\nWeaver stelt dat beta-amylo\u00efde geen ziekteverschijnsel is, maar eerder een normaal product in het afweersysteem van de hersens. Volgens zijn scenario is dat systeem bij Alzheimer de weg kwijt en keert zich tegen het eigen weefsel, waarbij beta-amylo\u00efde een centrale rol in speelt.<br \/>\nBeta-amylo\u00efde is een integraal onderdeel van het immuunsysteem van de hersenen, is zijn verhaal. Dat ziet geen verschil meer tussen bacteri\u00eble membranen en hersencellen. Die verwarring leidt tot een aanval op neuronen door het immuunsysteem.<br \/>\nHet resultaat is een progressief verlies van hersenfuncties, wat leidt tot dementie, aldus Weaver. Dit idee zou kunnen verklaren waarom conventionele behandelingen die zich richten op b\u00e8ta-amylo\u00efde tot nu toe ineffectief zijn gebleken, maar daar zijn meer verklaringen voor (zoals het idee dat beta-amylo\u00efde niet de oorzaak maar het gevolg van de ziekte is).<\/p>\n<p>Als de theorie van de Canadees wordt bevestigd, kan dit een omwenteling teweegbrengen in het onderzoek naar de ziekte van Alzheimer. Conventionele behandelingen voor auto-immuunziekten, zoals corticostero\u00efden, zouden niet geschikt zijn vanwege uitzonderlijke positie van de hersenen in ons lichaam door de <a href=\"https:\/\/nl.wikipedia.org\/wiki\/Bloed-hersenbarri%C3%A8re\">bloed\/hersenbarri\u00e8re<\/a>. Het richten op andere afweerregulerende routes in de hersenen zou echter een mogelijkheid kunnen zijn om de effecten van de autoimmuunreactie te onderdrukken.<\/p>\n<p>Vooralsnog is het idee van Weaver nog maar een veronderstelling. Het bewijs moet nog worden geleverd. Komt hij daarmee?<\/p>\n<p><em>Bron: <a href=\"https:\/\/www.futura-sciences.com\/sante\/actualites\/maladie-alzheimer-alzheimer-ce-nous-croyons-savoir-pourrait-etre-faux-118005\/\">Futura-Sciences<\/a><\/em><\/p>\n","protected":false},"excerpt":{"rendered":"<p>Volgens al weer ouder onderzoek zou Alzheimer een autoimmuunziekte zijn. <a href=\"https:\/\/www.arnoschrauwers.nl\/weblog\/09\/12\/2024\/is-alzheimer-een-autoimmuunziekte\/\">Lees verder <span class=\"meta-nav\">&rarr;<\/span><\/a><\/p>\n","protected":false},"author":2,"featured_media":0,"comment_status":"open","ping_status":"open","sticky":false,"template":"","format":"standard","meta":{"footnotes":""},"categories":[20,96],"tags":[10305,190,5122,10304,942,5123,1531],"class_list":["post-15925","post","type-post","status-publish","format-standard","hentry","category-gezondheid","category-hersens","tag-afweerremmende-middelen","tag-afweersysteem","tag-beta-amyloideplaques","tag-geneesmiddel","tag-microgliacellen","tag-tauknopen","tag-ziekte-van-alzheimer"],"yoast_head":"<!-- This site is optimized with the Yoast SEO plugin v27.4 - https:\/\/yoast.com\/product\/yoast-seo-wordpress\/ -->\n<title>Is Alzheimer een autoimmuunziekte? - Geleerd uitschot<\/title>\n<meta name=\"description\" content=\"Volgens al weer ouder onderzoek zou Alzheimer een autoimmuunziekte zijn.\" \/>\n<meta name=\"robots\" content=\"index, follow, max-snippet:-1, max-image-preview:large, max-video-preview:-1\" \/>\n<link rel=\"canonical\" href=\"https:\/\/www.arnoschrauwers.nl\/weblog\/09\/12\/2024\/is-alzheimer-een-autoimmuunziekte\/\" \/>\n<meta property=\"og:locale\" content=\"nl_NL\" \/>\n<meta property=\"og:type\" content=\"article\" \/>\n<meta property=\"og:title\" content=\"Is Alzheimer een autoimmuunziekte? - Geleerd uitschot\" \/>\n<meta property=\"og:description\" content=\"Volgens al weer ouder onderzoek zou Alzheimer een autoimmuunziekte zijn.\" \/>\n<meta property=\"og:url\" content=\"https:\/\/www.arnoschrauwers.nl\/weblog\/09\/12\/2024\/is-alzheimer-een-autoimmuunziekte\/\" \/>\n<meta property=\"og:site_name\" content=\"Geleerd uitschot\" \/>\n<meta property=\"article:published_time\" content=\"2024-12-09T16:04:54+00:00\" \/>\n<meta property=\"article:modified_time\" content=\"2024-12-09T18:50:18+00:00\" \/>\n<meta property=\"og:image\" content=\"https:\/\/www.arnoschrauwers.nl\/weblog\/wp-content\/uploads\/ZvA.jpg\" \/>\n\t<meta property=\"og:image:width\" content=\"377\" \/>\n\t<meta property=\"og:image:height\" content=\"500\" \/>\n\t<meta property=\"og:image:type\" content=\"image\/jpeg\" \/>\n<meta name=\"author\" content=\"arno s\" \/>\n<meta name=\"twitter:label1\" content=\"Geschreven door\" \/>\n\t<meta name=\"twitter:data1\" content=\"arno s\" \/>\n\t<meta name=\"twitter:label2\" content=\"Geschatte leestijd\" \/>\n\t<meta name=\"twitter:data2\" content=\"2 minuten\" \/>\n<script type=\"application\/ld+json\" class=\"yoast-schema-graph\">{\"@context\":\"https:\\\/\\\/schema.org\",\"@graph\":[{\"@type\":\"Article\",\"@id\":\"https:\\\/\\\/www.arnoschrauwers.nl\\\/weblog\\\/09\\\/12\\\/2024\\\/is-alzheimer-een-autoimmuunziekte\\\/#article\",\"isPartOf\":{\"@id\":\"https:\\\/\\\/www.arnoschrauwers.nl\\\/weblog\\\/09\\\/12\\\/2024\\\/is-alzheimer-een-autoimmuunziekte\\\/\"},\"author\":{\"name\":\"arno s\",\"@id\":\"https:\\\/\\\/www.arnoschrauwers.nl\\\/weblog\\\/#\\\/schema\\\/person\\\/8c74e34597e3e2a46ff9b2fb8483fde2\"},\"headline\":\"Is Alzheimer een autoimmuunziekte?\",\"datePublished\":\"2024-12-09T16:04:54+00:00\",\"dateModified\":\"2024-12-09T18:50:18+00:00\",\"mainEntityOfPage\":{\"@id\":\"https:\\\/\\\/www.arnoschrauwers.nl\\\/weblog\\\/09\\\/12\\\/2024\\\/is-alzheimer-een-autoimmuunziekte\\\/\"},\"wordCount\":356,\"commentCount\":0,\"image\":{\"@id\":\"https:\\\/\\\/www.arnoschrauwers.nl\\\/weblog\\\/09\\\/12\\\/2024\\\/is-alzheimer-een-autoimmuunziekte\\\/#primaryimage\"},\"thumbnailUrl\":\"https:\\\/\\\/www.arnoschrauwers.nl\\\/weblog\\\/wp-content\\\/uploads\\\/ZvA.jpg\",\"keywords\":[\"afweerremmende middelen\",\"afweersysteem\",\"beta-amylo\u00efdeplaques\",\"geneesmiddel\",\"microgliacellen\",\"tauknopen\",\"ziekte van Alzheimer\"],\"articleSection\":[\"gezondheid\",\"hersens\"],\"inLanguage\":\"nl-NL\",\"potentialAction\":[{\"@type\":\"CommentAction\",\"name\":\"Comment\",\"target\":[\"https:\\\/\\\/www.arnoschrauwers.nl\\\/weblog\\\/09\\\/12\\\/2024\\\/is-alzheimer-een-autoimmuunziekte\\\/#respond\"]}]},{\"@type\":\"WebPage\",\"@id\":\"https:\\\/\\\/www.arnoschrauwers.nl\\\/weblog\\\/09\\\/12\\\/2024\\\/is-alzheimer-een-autoimmuunziekte\\\/\",\"url\":\"https:\\\/\\\/www.arnoschrauwers.nl\\\/weblog\\\/09\\\/12\\\/2024\\\/is-alzheimer-een-autoimmuunziekte\\\/\",\"name\":\"Is Alzheimer een autoimmuunziekte? - Geleerd uitschot\",\"isPartOf\":{\"@id\":\"https:\\\/\\\/www.arnoschrauwers.nl\\\/weblog\\\/#website\"},\"primaryImageOfPage\":{\"@id\":\"https:\\\/\\\/www.arnoschrauwers.nl\\\/weblog\\\/09\\\/12\\\/2024\\\/is-alzheimer-een-autoimmuunziekte\\\/#primaryimage\"},\"image\":{\"@id\":\"https:\\\/\\\/www.arnoschrauwers.nl\\\/weblog\\\/09\\\/12\\\/2024\\\/is-alzheimer-een-autoimmuunziekte\\\/#primaryimage\"},\"thumbnailUrl\":\"https:\\\/\\\/www.arnoschrauwers.nl\\\/weblog\\\/wp-content\\\/uploads\\\/ZvA.jpg\",\"datePublished\":\"2024-12-09T16:04:54+00:00\",\"dateModified\":\"2024-12-09T18:50:18+00:00\",\"author\":{\"@id\":\"https:\\\/\\\/www.arnoschrauwers.nl\\\/weblog\\\/#\\\/schema\\\/person\\\/8c74e34597e3e2a46ff9b2fb8483fde2\"},\"description\":\"Volgens al weer ouder onderzoek zou Alzheimer een autoimmuunziekte zijn.\",\"breadcrumb\":{\"@id\":\"https:\\\/\\\/www.arnoschrauwers.nl\\\/weblog\\\/09\\\/12\\\/2024\\\/is-alzheimer-een-autoimmuunziekte\\\/#breadcrumb\"},\"inLanguage\":\"nl-NL\",\"potentialAction\":[{\"@type\":\"ReadAction\",\"target\":[\"https:\\\/\\\/www.arnoschrauwers.nl\\\/weblog\\\/09\\\/12\\\/2024\\\/is-alzheimer-een-autoimmuunziekte\\\/\"]}]},{\"@type\":\"ImageObject\",\"inLanguage\":\"nl-NL\",\"@id\":\"https:\\\/\\\/www.arnoschrauwers.nl\\\/weblog\\\/09\\\/12\\\/2024\\\/is-alzheimer-een-autoimmuunziekte\\\/#primaryimage\",\"url\":\"https:\\\/\\\/www.arnoschrauwers.nl\\\/weblog\\\/wp-content\\\/uploads\\\/ZvA.jpg\",\"contentUrl\":\"https:\\\/\\\/www.arnoschrauwers.nl\\\/weblog\\\/wp-content\\\/uploads\\\/ZvA.jpg\",\"width\":377,\"height\":500,\"caption\":\"Processen en eiwitten die bij Alzheimer een rol spelen (afb: Donald Weaver et al.\\\/ Alzheimer's Journals)\"},{\"@type\":\"BreadcrumbList\",\"@id\":\"https:\\\/\\\/www.arnoschrauwers.nl\\\/weblog\\\/09\\\/12\\\/2024\\\/is-alzheimer-een-autoimmuunziekte\\\/#breadcrumb\",\"itemListElement\":[{\"@type\":\"ListItem\",\"position\":1,\"name\":\"Home\",\"item\":\"https:\\\/\\\/www.arnoschrauwers.nl\\\/weblog\\\/\"},{\"@type\":\"ListItem\",\"position\":2,\"name\":\"Is Alzheimer een autoimmuunziekte?\"}]},{\"@type\":\"WebSite\",\"@id\":\"https:\\\/\\\/www.arnoschrauwers.nl\\\/weblog\\\/#website\",\"url\":\"https:\\\/\\\/www.arnoschrauwers.nl\\\/weblog\\\/\",\"name\":\"Geleerd uitschot\",\"description\":\"Over wetenschap en ander vermaak\",\"potentialAction\":[{\"@type\":\"SearchAction\",\"target\":{\"@type\":\"EntryPoint\",\"urlTemplate\":\"https:\\\/\\\/www.arnoschrauwers.nl\\\/weblog\\\/?s={search_term_string}\"},\"query-input\":{\"@type\":\"PropertyValueSpecification\",\"valueRequired\":true,\"valueName\":\"search_term_string\"}}],\"inLanguage\":\"nl-NL\"},{\"@type\":\"Person\",\"@id\":\"https:\\\/\\\/www.arnoschrauwers.nl\\\/weblog\\\/#\\\/schema\\\/person\\\/8c74e34597e3e2a46ff9b2fb8483fde2\",\"name\":\"arno s\",\"image\":{\"@type\":\"ImageObject\",\"inLanguage\":\"nl-NL\",\"@id\":\"https:\\\/\\\/secure.gravatar.com\\\/avatar\\\/bb84bca689a0564d3856b4db510b1c81bd818da9cf10a0ca85a6a84687de5ad3?s=96&d=blank&r=g\",\"url\":\"https:\\\/\\\/secure.gravatar.com\\\/avatar\\\/bb84bca689a0564d3856b4db510b1c81bd818da9cf10a0ca85a6a84687de5ad3?s=96&d=blank&r=g\",\"contentUrl\":\"https:\\\/\\\/secure.gravatar.com\\\/avatar\\\/bb84bca689a0564d3856b4db510b1c81bd818da9cf10a0ca85a6a84687de5ad3?s=96&d=blank&r=g\",\"caption\":\"arno s\"},\"sameAs\":[\"http:\\\/\\\/www.arnoschrauwers.nl\"]}]}<\/script>\n<!-- \/ Yoast SEO plugin. -->","yoast_head_json":{"title":"Is Alzheimer een autoimmuunziekte? - Geleerd uitschot","description":"Volgens al weer ouder onderzoek zou Alzheimer een autoimmuunziekte zijn.","robots":{"index":"index","follow":"follow","max-snippet":"max-snippet:-1","max-image-preview":"max-image-preview:large","max-video-preview":"max-video-preview:-1"},"canonical":"https:\/\/www.arnoschrauwers.nl\/weblog\/09\/12\/2024\/is-alzheimer-een-autoimmuunziekte\/","og_locale":"nl_NL","og_type":"article","og_title":"Is Alzheimer een autoimmuunziekte? - Geleerd uitschot","og_description":"Volgens al weer ouder onderzoek zou Alzheimer een autoimmuunziekte zijn.","og_url":"https:\/\/www.arnoschrauwers.nl\/weblog\/09\/12\/2024\/is-alzheimer-een-autoimmuunziekte\/","og_site_name":"Geleerd uitschot","article_published_time":"2024-12-09T16:04:54+00:00","article_modified_time":"2024-12-09T18:50:18+00:00","og_image":[{"width":377,"height":500,"url":"https:\/\/www.arnoschrauwers.nl\/weblog\/wp-content\/uploads\/ZvA.jpg","type":"image\/jpeg"}],"author":"arno s","twitter_misc":{"Geschreven door":"arno s","Geschatte leestijd":"2 minuten"},"schema":{"@context":"https:\/\/schema.org","@graph":[{"@type":"Article","@id":"https:\/\/www.arnoschrauwers.nl\/weblog\/09\/12\/2024\/is-alzheimer-een-autoimmuunziekte\/#article","isPartOf":{"@id":"https:\/\/www.arnoschrauwers.nl\/weblog\/09\/12\/2024\/is-alzheimer-een-autoimmuunziekte\/"},"author":{"name":"arno s","@id":"https:\/\/www.arnoschrauwers.nl\/weblog\/#\/schema\/person\/8c74e34597e3e2a46ff9b2fb8483fde2"},"headline":"Is Alzheimer een autoimmuunziekte?","datePublished":"2024-12-09T16:04:54+00:00","dateModified":"2024-12-09T18:50:18+00:00","mainEntityOfPage":{"@id":"https:\/\/www.arnoschrauwers.nl\/weblog\/09\/12\/2024\/is-alzheimer-een-autoimmuunziekte\/"},"wordCount":356,"commentCount":0,"image":{"@id":"https:\/\/www.arnoschrauwers.nl\/weblog\/09\/12\/2024\/is-alzheimer-een-autoimmuunziekte\/#primaryimage"},"thumbnailUrl":"https:\/\/www.arnoschrauwers.nl\/weblog\/wp-content\/uploads\/ZvA.jpg","keywords":["afweerremmende middelen","afweersysteem","beta-amylo\u00efdeplaques","geneesmiddel","microgliacellen","tauknopen","ziekte van Alzheimer"],"articleSection":["gezondheid","hersens"],"inLanguage":"nl-NL","potentialAction":[{"@type":"CommentAction","name":"Comment","target":["https:\/\/www.arnoschrauwers.nl\/weblog\/09\/12\/2024\/is-alzheimer-een-autoimmuunziekte\/#respond"]}]},{"@type":"WebPage","@id":"https:\/\/www.arnoschrauwers.nl\/weblog\/09\/12\/2024\/is-alzheimer-een-autoimmuunziekte\/","url":"https:\/\/www.arnoschrauwers.nl\/weblog\/09\/12\/2024\/is-alzheimer-een-autoimmuunziekte\/","name":"Is Alzheimer een autoimmuunziekte? - Geleerd uitschot","isPartOf":{"@id":"https:\/\/www.arnoschrauwers.nl\/weblog\/#website"},"primaryImageOfPage":{"@id":"https:\/\/www.arnoschrauwers.nl\/weblog\/09\/12\/2024\/is-alzheimer-een-autoimmuunziekte\/#primaryimage"},"image":{"@id":"https:\/\/www.arnoschrauwers.nl\/weblog\/09\/12\/2024\/is-alzheimer-een-autoimmuunziekte\/#primaryimage"},"thumbnailUrl":"https:\/\/www.arnoschrauwers.nl\/weblog\/wp-content\/uploads\/ZvA.jpg","datePublished":"2024-12-09T16:04:54+00:00","dateModified":"2024-12-09T18:50:18+00:00","author":{"@id":"https:\/\/www.arnoschrauwers.nl\/weblog\/#\/schema\/person\/8c74e34597e3e2a46ff9b2fb8483fde2"},"description":"Volgens al weer ouder onderzoek zou Alzheimer een autoimmuunziekte zijn.","breadcrumb":{"@id":"https:\/\/www.arnoschrauwers.nl\/weblog\/09\/12\/2024\/is-alzheimer-een-autoimmuunziekte\/#breadcrumb"},"inLanguage":"nl-NL","potentialAction":[{"@type":"ReadAction","target":["https:\/\/www.arnoschrauwers.nl\/weblog\/09\/12\/2024\/is-alzheimer-een-autoimmuunziekte\/"]}]},{"@type":"ImageObject","inLanguage":"nl-NL","@id":"https:\/\/www.arnoschrauwers.nl\/weblog\/09\/12\/2024\/is-alzheimer-een-autoimmuunziekte\/#primaryimage","url":"https:\/\/www.arnoschrauwers.nl\/weblog\/wp-content\/uploads\/ZvA.jpg","contentUrl":"https:\/\/www.arnoschrauwers.nl\/weblog\/wp-content\/uploads\/ZvA.jpg","width":377,"height":500,"caption":"Processen en eiwitten die bij Alzheimer een rol spelen (afb: Donald Weaver et al.\/ Alzheimer's Journals)"},{"@type":"BreadcrumbList","@id":"https:\/\/www.arnoschrauwers.nl\/weblog\/09\/12\/2024\/is-alzheimer-een-autoimmuunziekte\/#breadcrumb","itemListElement":[{"@type":"ListItem","position":1,"name":"Home","item":"https:\/\/www.arnoschrauwers.nl\/weblog\/"},{"@type":"ListItem","position":2,"name":"Is Alzheimer een autoimmuunziekte?"}]},{"@type":"WebSite","@id":"https:\/\/www.arnoschrauwers.nl\/weblog\/#website","url":"https:\/\/www.arnoschrauwers.nl\/weblog\/","name":"Geleerd uitschot","description":"Over wetenschap en ander vermaak","potentialAction":[{"@type":"SearchAction","target":{"@type":"EntryPoint","urlTemplate":"https:\/\/www.arnoschrauwers.nl\/weblog\/?s={search_term_string}"},"query-input":{"@type":"PropertyValueSpecification","valueRequired":true,"valueName":"search_term_string"}}],"inLanguage":"nl-NL"},{"@type":"Person","@id":"https:\/\/www.arnoschrauwers.nl\/weblog\/#\/schema\/person\/8c74e34597e3e2a46ff9b2fb8483fde2","name":"arno s","image":{"@type":"ImageObject","inLanguage":"nl-NL","@id":"https:\/\/secure.gravatar.com\/avatar\/bb84bca689a0564d3856b4db510b1c81bd818da9cf10a0ca85a6a84687de5ad3?s=96&d=blank&r=g","url":"https:\/\/secure.gravatar.com\/avatar\/bb84bca689a0564d3856b4db510b1c81bd818da9cf10a0ca85a6a84687de5ad3?s=96&d=blank&r=g","contentUrl":"https:\/\/secure.gravatar.com\/avatar\/bb84bca689a0564d3856b4db510b1c81bd818da9cf10a0ca85a6a84687de5ad3?s=96&d=blank&r=g","caption":"arno s"},"sameAs":["http:\/\/www.arnoschrauwers.nl"]}]}},"_links":{"self":[{"href":"https:\/\/www.arnoschrauwers.nl\/weblog\/wp-json\/wp\/v2\/posts\/15925","targetHints":{"allow":["GET"]}}],"collection":[{"href":"https:\/\/www.arnoschrauwers.nl\/weblog\/wp-json\/wp\/v2\/posts"}],"about":[{"href":"https:\/\/www.arnoschrauwers.nl\/weblog\/wp-json\/wp\/v2\/types\/post"}],"author":[{"embeddable":true,"href":"https:\/\/www.arnoschrauwers.nl\/weblog\/wp-json\/wp\/v2\/users\/2"}],"replies":[{"embeddable":true,"href":"https:\/\/www.arnoschrauwers.nl\/weblog\/wp-json\/wp\/v2\/comments?post=15925"}],"version-history":[{"count":3,"href":"https:\/\/www.arnoschrauwers.nl\/weblog\/wp-json\/wp\/v2\/posts\/15925\/revisions"}],"predecessor-version":[{"id":15935,"href":"https:\/\/www.arnoschrauwers.nl\/weblog\/wp-json\/wp\/v2\/posts\/15925\/revisions\/15935"}],"wp:attachment":[{"href":"https:\/\/www.arnoschrauwers.nl\/weblog\/wp-json\/wp\/v2\/media?parent=15925"}],"wp:term":[{"taxonomy":"category","embeddable":true,"href":"https:\/\/www.arnoschrauwers.nl\/weblog\/wp-json\/wp\/v2\/categories?post=15925"},{"taxonomy":"post_tag","embeddable":true,"href":"https:\/\/www.arnoschrauwers.nl\/weblog\/wp-json\/wp\/v2\/tags?post=15925"}],"curies":[{"name":"wp","href":"https:\/\/api.w.org\/{rel}","templated":true}]}}