{"id":16287,"date":"2025-03-11T18:23:13","date_gmt":"2025-03-11T16:23:13","guid":{"rendered":"https:\/\/www.arnoschrauwers.nl\/weblog\/?p=16287"},"modified":"2025-03-11T18:23:13","modified_gmt":"2025-03-11T16:23:13","slug":"luchtvervuiling-van-vooral-fijnstof-teistert-vrijwel-de-hele-mensheid","status":"publish","type":"post","link":"https:\/\/www.arnoschrauwers.nl\/weblog\/11\/03\/2025\/luchtvervuiling-van-vooral-fijnstof-teistert-vrijwel-de-hele-mensheid\/","title":{"rendered":"Luchtvervuiling van vooral fijnstof teistert vrijwel de hele mensheid"},"content":{"rendered":"<div id=\"attachment_16288\" style=\"width: 594px\" class=\"wp-caption aligncenter\"><img loading=\"lazy\" decoding=\"async\" aria-describedby=\"caption-attachment-16288\" class=\"size-large wp-image-16288\" src=\"https:\/\/www.arnoschrauwers.nl\/weblog\/wp-content\/uploads\/Fijnstofvervuiling-1024x716.jpg\" alt=\"Luchtvervuiling met fijnstof\" width=\"584\" height=\"408\" srcset=\"https:\/\/www.arnoschrauwers.nl\/weblog\/wp-content\/uploads\/Fijnstofvervuiling-1024x716.jpg 1024w, https:\/\/www.arnoschrauwers.nl\/weblog\/wp-content\/uploads\/Fijnstofvervuiling-300x210.jpg 300w, https:\/\/www.arnoschrauwers.nl\/weblog\/wp-content\/uploads\/Fijnstofvervuiling-768x537.jpg 768w, https:\/\/www.arnoschrauwers.nl\/weblog\/wp-content\/uploads\/Fijnstofvervuiling-1536x1074.jpg 1536w, https:\/\/www.arnoschrauwers.nl\/weblog\/wp-content\/uploads\/Fijnstofvervuiling-429x300.jpg 429w, https:\/\/www.arnoschrauwers.nl\/weblog\/wp-content\/uploads\/Fijnstofvervuiling.jpg 1962w\" sizes=\"auto, (max-width: 584px) 100vw, 584px\" \/><p id=\"caption-attachment-16288\" class=\"wp-caption-text\">Fijnstofvervuiling teistert vrijwel de hele mensheid (afb: IQAir)<\/p><\/div>\n<p>Luchtvervuiling is nog steeds de grootste bedreiging voor de menselijke gezondheid. Volgens de Wereldgezondheidsorganisatie (WHO) leeft <a href=\"https:\/\/www.who.int\/news-room\/fact-sheets\/detail\/ambient-(outdoor)-air-quality-and-health\">99% van de wereldbevolking<\/a> in gebieden die niet voldoen aan de aanbevolen richtlijnen voor luchtkwaliteit, stelt IQAir in zijn rapport <a href=\"https:\/\/www.iqair.com\/de\/world-air-quality-report\">over de toestand van luchtvervuiling in de wereld<\/a>. <!--more--><br \/>\nLuchtvervuiling is wereldwijd de op \u00e9\u00e9n na grootste risicofactor voor overlijden en, na ondervoeding, de op \u00e9\u00e9n na <a href=\"https:\/\/www.stateofglobalair.org\/resources\/report\/state-global-air-report-2024\">grootste risicofactor voor overlijden<\/a> bij kinderen jonger dan vijf jaar, vanwege de aanzienlijke invloed op de luchtwegen en de ontwikkeling van het lichaam. Alleen al in 2021 waren in totaal 8,1 miljoen sterfgevallen toe te schrijven aan luchtvervuiling, waarvan 58% werd veroorzaakt door fijnstof (PM2.5)<\/p>\n<p>De Verenigde Naties hebben toegang tot gezonde lucht tot een universeel mensenrecht verklaard. Blootstelling aan fijnstof <a href=\"https:\/\/www.epa.gov\/pm-pollution\/health-and-environmental-effects-particulate-matter-pm\">kan leiden tot verschillende gezondheidsproblemen<\/a> zoals astma, kanker, beroertes en longziekten. Bovendien is blootstelling aan verhoogde niveaus van fijnstof tijdens de zwangerschap en de vroege kindertijd <a href=\"https:\/\/www.bc.edu\/bc-web\/centers\/schiller-institute\/sites\/masscleanair\/articles\/children.html\">in verband gebracht<\/a> met aangeboren hartafwijkingen, eczeem en allergische aandoeningen, cognitieve stoornissen en vertragingen, neurologische ontwikkelingsstoornissen en psychische stoornissen.<\/p>\n<h2>40 000 meetstations<\/h2>\n<p>De gegevens die voor dit rapport zijn gebruikt, zijn afkomstig van ruim 40 000 luchtkwaliteitsmeetstations en sensoren over de hele wereld, die worden beheerd door onderzoeksinstellingen, overheidsinstanties, scholen, universiteiten, non-profitorganisaties, particuliere bedrijven en burgerwetenschappers.<\/p>\n<p>Het rapport over 2023 bevatte gegevens van 7812 locaties in 134 landen, regio&#8217;s en territoria. In 2024 is dit aantal gegroeid tot 8954 steden in 138 landen, regio&#8217;s en territoria. In Afrika is de dekking uitgebreid met Tsjaad, het meest vervuilde land in 2024, samen met Djibouti en Mozambique. De landen Iran, Afghanistan en Burkina Faso (het vijfde meest vervuilde land in 2023) ontbreken in 2024 vanwege een gebrek aan beschikbare gegevens.<\/p>\n<p>Slechts twaalf landen, regio&#8217;s en territoria registreerden PM2,5-concentraties onder de jaarlijkse richtwaarde van de WGO voor PM2,5 van 5,0 \u03bcg\/m\u00b3. De meeste daarvan lagen in Latijns-Amerika en het Caribisch gebied of Oceani\u00eb.<br \/>\nIn 2024 bereikte echter 17% van de in het rapport opgenomen steden de jaarlijkse fijnstofrichtwaarde van de WGO, tegen 9% in 2023. Hoewel dit enige vooruitgang betekent, moet er nog veel worden gedaan om de gezondheid van mensen, en met name kinderen, te beschermen, aldus IQAir.<\/p>\n<p><em>Bron: <a href=\"https:\/\/www.spiegel.de\/wissenschaft\/feinstaub-mehrheit-der-laender-ueberschreitet-who-grenzwerte-a-a101d9e7-4add-45a8-83a1-2cdd689fdbc5\">der Spiegel<\/a><\/em><\/p>\n","protected":false},"excerpt":{"rendered":"<p>Luchtvervuiling is nog steeds de grootste bedreiging voor de menselijke gezondheid. Volgens de Wereldgezondheidsorganisatie (WHO) leeft 99% van de wereldbevolking in gebieden die niet voldoen aan de aanbevolen richtlijnen voor luchtkwaliteit, stelt IQAir in zijn rapport over de toestand van &hellip; <a href=\"https:\/\/www.arnoschrauwers.nl\/weblog\/11\/03\/2025\/luchtvervuiling-van-vooral-fijnstof-teistert-vrijwel-de-hele-mensheid\/\">Lees verder <span class=\"meta-nav\">&rarr;<\/span><\/a><\/p>\n","protected":false},"author":2,"featured_media":0,"comment_status":"open","ping_status":"open","sticky":false,"template":"","format":"standard","meta":{"footnotes":""},"categories":[20,36],"tags":[346,10116,4066,10567],"class_list":["post-16287","post","type-post","status-publish","format-standard","hentry","category-gezondheid","category-milieu","tag-fijnstof","tag-kindersterfte","tag-luchtvervuiling","tag-sterfteoorzaak"],"yoast_head":"<!-- This site is optimized with the Yoast SEO plugin v27.5 - https:\/\/yoast.com\/product\/yoast-seo-wordpress\/ -->\n<title>Luchtvervuiling van vooral fijnstof teistert vrijwel de hele mensheid - Geleerd uitschot<\/title>\n<meta name=\"description\" content=\"Volgens de wereldgezondheidsorganisatie teistert luchtvervuiling door fijnstof zo&#039;n 99% van de wereldbevolking.\" \/>\n<meta name=\"robots\" content=\"index, follow, max-snippet:-1, max-image-preview:large, max-video-preview:-1\" \/>\n<link rel=\"canonical\" href=\"https:\/\/www.arnoschrauwers.nl\/weblog\/11\/03\/2025\/luchtvervuiling-van-vooral-fijnstof-teistert-vrijwel-de-hele-mensheid\/\" \/>\n<meta property=\"og:locale\" content=\"nl_NL\" \/>\n<meta property=\"og:type\" content=\"article\" \/>\n<meta property=\"og:title\" content=\"Luchtvervuiling van vooral fijnstof teistert vrijwel de hele mensheid - Geleerd uitschot\" \/>\n<meta property=\"og:description\" content=\"Volgens de wereldgezondheidsorganisatie teistert luchtvervuiling door fijnstof zo&#039;n 99% van de wereldbevolking.\" \/>\n<meta property=\"og:url\" content=\"https:\/\/www.arnoschrauwers.nl\/weblog\/11\/03\/2025\/luchtvervuiling-van-vooral-fijnstof-teistert-vrijwel-de-hele-mensheid\/\" \/>\n<meta property=\"og:site_name\" content=\"Geleerd uitschot\" \/>\n<meta property=\"article:published_time\" content=\"2025-03-11T16:23:13+00:00\" \/>\n<meta property=\"og:image\" content=\"https:\/\/www.arnoschrauwers.nl\/weblog\/wp-content\/uploads\/Fijnstofvervuiling.jpg\" \/>\n\t<meta property=\"og:image:width\" content=\"1962\" \/>\n\t<meta property=\"og:image:height\" content=\"1372\" \/>\n\t<meta property=\"og:image:type\" content=\"image\/jpeg\" \/>\n<meta name=\"author\" content=\"arno s\" \/>\n<meta name=\"twitter:label1\" content=\"Geschreven door\" \/>\n\t<meta name=\"twitter:data1\" content=\"arno s\" \/>\n\t<meta name=\"twitter:label2\" content=\"Geschatte leestijd\" \/>\n\t<meta name=\"twitter:data2\" content=\"3 minuten\" \/>\n<script type=\"application\/ld+json\" class=\"yoast-schema-graph\">{\"@context\":\"https:\\\/\\\/schema.org\",\"@graph\":[{\"@type\":\"Article\",\"@id\":\"https:\\\/\\\/www.arnoschrauwers.nl\\\/weblog\\\/11\\\/03\\\/2025\\\/luchtvervuiling-van-vooral-fijnstof-teistert-vrijwel-de-hele-mensheid\\\/#article\",\"isPartOf\":{\"@id\":\"https:\\\/\\\/www.arnoschrauwers.nl\\\/weblog\\\/11\\\/03\\\/2025\\\/luchtvervuiling-van-vooral-fijnstof-teistert-vrijwel-de-hele-mensheid\\\/\"},\"author\":{\"name\":\"arno s\",\"@id\":\"https:\\\/\\\/www.arnoschrauwers.nl\\\/weblog\\\/#\\\/schema\\\/person\\\/8c74e34597e3e2a46ff9b2fb8483fde2\"},\"headline\":\"Luchtvervuiling van vooral fijnstof teistert vrijwel de hele mensheid\",\"datePublished\":\"2025-03-11T16:23:13+00:00\",\"mainEntityOfPage\":{\"@id\":\"https:\\\/\\\/www.arnoschrauwers.nl\\\/weblog\\\/11\\\/03\\\/2025\\\/luchtvervuiling-van-vooral-fijnstof-teistert-vrijwel-de-hele-mensheid\\\/\"},\"wordCount\":362,\"commentCount\":0,\"image\":{\"@id\":\"https:\\\/\\\/www.arnoschrauwers.nl\\\/weblog\\\/11\\\/03\\\/2025\\\/luchtvervuiling-van-vooral-fijnstof-teistert-vrijwel-de-hele-mensheid\\\/#primaryimage\"},\"thumbnailUrl\":\"https:\\\/\\\/www.arnoschrauwers.nl\\\/weblog\\\/wp-content\\\/uploads\\\/Fijnstofvervuiling-1024x716.jpg\",\"keywords\":[\"fijnstof\",\"kindersterfte\",\"luchtvervuiling\",\"sterfteoorzaak\"],\"articleSection\":[\"gezondheid\",\"milieu\"],\"inLanguage\":\"nl-NL\",\"potentialAction\":[{\"@type\":\"CommentAction\",\"name\":\"Comment\",\"target\":[\"https:\\\/\\\/www.arnoschrauwers.nl\\\/weblog\\\/11\\\/03\\\/2025\\\/luchtvervuiling-van-vooral-fijnstof-teistert-vrijwel-de-hele-mensheid\\\/#respond\"]}]},{\"@type\":\"WebPage\",\"@id\":\"https:\\\/\\\/www.arnoschrauwers.nl\\\/weblog\\\/11\\\/03\\\/2025\\\/luchtvervuiling-van-vooral-fijnstof-teistert-vrijwel-de-hele-mensheid\\\/\",\"url\":\"https:\\\/\\\/www.arnoschrauwers.nl\\\/weblog\\\/11\\\/03\\\/2025\\\/luchtvervuiling-van-vooral-fijnstof-teistert-vrijwel-de-hele-mensheid\\\/\",\"name\":\"Luchtvervuiling van vooral fijnstof teistert vrijwel de hele mensheid - Geleerd uitschot\",\"isPartOf\":{\"@id\":\"https:\\\/\\\/www.arnoschrauwers.nl\\\/weblog\\\/#website\"},\"primaryImageOfPage\":{\"@id\":\"https:\\\/\\\/www.arnoschrauwers.nl\\\/weblog\\\/11\\\/03\\\/2025\\\/luchtvervuiling-van-vooral-fijnstof-teistert-vrijwel-de-hele-mensheid\\\/#primaryimage\"},\"image\":{\"@id\":\"https:\\\/\\\/www.arnoschrauwers.nl\\\/weblog\\\/11\\\/03\\\/2025\\\/luchtvervuiling-van-vooral-fijnstof-teistert-vrijwel-de-hele-mensheid\\\/#primaryimage\"},\"thumbnailUrl\":\"https:\\\/\\\/www.arnoschrauwers.nl\\\/weblog\\\/wp-content\\\/uploads\\\/Fijnstofvervuiling-1024x716.jpg\",\"datePublished\":\"2025-03-11T16:23:13+00:00\",\"author\":{\"@id\":\"https:\\\/\\\/www.arnoschrauwers.nl\\\/weblog\\\/#\\\/schema\\\/person\\\/8c74e34597e3e2a46ff9b2fb8483fde2\"},\"description\":\"Volgens de wereldgezondheidsorganisatie teistert luchtvervuiling door fijnstof zo'n 99% van de wereldbevolking.\",\"breadcrumb\":{\"@id\":\"https:\\\/\\\/www.arnoschrauwers.nl\\\/weblog\\\/11\\\/03\\\/2025\\\/luchtvervuiling-van-vooral-fijnstof-teistert-vrijwel-de-hele-mensheid\\\/#breadcrumb\"},\"inLanguage\":\"nl-NL\",\"potentialAction\":[{\"@type\":\"ReadAction\",\"target\":[\"https:\\\/\\\/www.arnoschrauwers.nl\\\/weblog\\\/11\\\/03\\\/2025\\\/luchtvervuiling-van-vooral-fijnstof-teistert-vrijwel-de-hele-mensheid\\\/\"]}]},{\"@type\":\"ImageObject\",\"inLanguage\":\"nl-NL\",\"@id\":\"https:\\\/\\\/www.arnoschrauwers.nl\\\/weblog\\\/11\\\/03\\\/2025\\\/luchtvervuiling-van-vooral-fijnstof-teistert-vrijwel-de-hele-mensheid\\\/#primaryimage\",\"url\":\"https:\\\/\\\/www.arnoschrauwers.nl\\\/weblog\\\/wp-content\\\/uploads\\\/Fijnstofvervuiling.jpg\",\"contentUrl\":\"https:\\\/\\\/www.arnoschrauwers.nl\\\/weblog\\\/wp-content\\\/uploads\\\/Fijnstofvervuiling.jpg\",\"width\":1962,\"height\":1372,\"caption\":\"Fijnstofvervuiling teistert vrijwel de hele mensheid (afb: IQAir)\"},{\"@type\":\"BreadcrumbList\",\"@id\":\"https:\\\/\\\/www.arnoschrauwers.nl\\\/weblog\\\/11\\\/03\\\/2025\\\/luchtvervuiling-van-vooral-fijnstof-teistert-vrijwel-de-hele-mensheid\\\/#breadcrumb\",\"itemListElement\":[{\"@type\":\"ListItem\",\"position\":1,\"name\":\"Home\",\"item\":\"https:\\\/\\\/www.arnoschrauwers.nl\\\/weblog\\\/\"},{\"@type\":\"ListItem\",\"position\":2,\"name\":\"Luchtvervuiling van vooral fijnstof teistert vrijwel de hele mensheid\"}]},{\"@type\":\"WebSite\",\"@id\":\"https:\\\/\\\/www.arnoschrauwers.nl\\\/weblog\\\/#website\",\"url\":\"https:\\\/\\\/www.arnoschrauwers.nl\\\/weblog\\\/\",\"name\":\"Geleerd uitschot\",\"description\":\"Over wetenschap en ander vermaak\",\"potentialAction\":[{\"@type\":\"SearchAction\",\"target\":{\"@type\":\"EntryPoint\",\"urlTemplate\":\"https:\\\/\\\/www.arnoschrauwers.nl\\\/weblog\\\/?s={search_term_string}\"},\"query-input\":{\"@type\":\"PropertyValueSpecification\",\"valueRequired\":true,\"valueName\":\"search_term_string\"}}],\"inLanguage\":\"nl-NL\"},{\"@type\":\"Person\",\"@id\":\"https:\\\/\\\/www.arnoschrauwers.nl\\\/weblog\\\/#\\\/schema\\\/person\\\/8c74e34597e3e2a46ff9b2fb8483fde2\",\"name\":\"arno s\",\"image\":{\"@type\":\"ImageObject\",\"inLanguage\":\"nl-NL\",\"@id\":\"https:\\\/\\\/secure.gravatar.com\\\/avatar\\\/bb84bca689a0564d3856b4db510b1c81bd818da9cf10a0ca85a6a84687de5ad3?s=96&d=blank&r=g\",\"url\":\"https:\\\/\\\/secure.gravatar.com\\\/avatar\\\/bb84bca689a0564d3856b4db510b1c81bd818da9cf10a0ca85a6a84687de5ad3?s=96&d=blank&r=g\",\"contentUrl\":\"https:\\\/\\\/secure.gravatar.com\\\/avatar\\\/bb84bca689a0564d3856b4db510b1c81bd818da9cf10a0ca85a6a84687de5ad3?s=96&d=blank&r=g\",\"caption\":\"arno s\"},\"sameAs\":[\"http:\\\/\\\/www.arnoschrauwers.nl\"]}]}<\/script>\n<!-- \/ Yoast SEO plugin. -->","yoast_head_json":{"title":"Luchtvervuiling van vooral fijnstof teistert vrijwel de hele mensheid - Geleerd uitschot","description":"Volgens de wereldgezondheidsorganisatie teistert luchtvervuiling door fijnstof zo'n 99% van de wereldbevolking.","robots":{"index":"index","follow":"follow","max-snippet":"max-snippet:-1","max-image-preview":"max-image-preview:large","max-video-preview":"max-video-preview:-1"},"canonical":"https:\/\/www.arnoschrauwers.nl\/weblog\/11\/03\/2025\/luchtvervuiling-van-vooral-fijnstof-teistert-vrijwel-de-hele-mensheid\/","og_locale":"nl_NL","og_type":"article","og_title":"Luchtvervuiling van vooral fijnstof teistert vrijwel de hele mensheid - Geleerd uitschot","og_description":"Volgens de wereldgezondheidsorganisatie teistert luchtvervuiling door fijnstof zo'n 99% van de wereldbevolking.","og_url":"https:\/\/www.arnoschrauwers.nl\/weblog\/11\/03\/2025\/luchtvervuiling-van-vooral-fijnstof-teistert-vrijwel-de-hele-mensheid\/","og_site_name":"Geleerd uitschot","article_published_time":"2025-03-11T16:23:13+00:00","og_image":[{"width":1962,"height":1372,"url":"https:\/\/www.arnoschrauwers.nl\/weblog\/wp-content\/uploads\/Fijnstofvervuiling.jpg","type":"image\/jpeg"}],"author":"arno s","twitter_misc":{"Geschreven door":"arno s","Geschatte leestijd":"3 minuten"},"schema":{"@context":"https:\/\/schema.org","@graph":[{"@type":"Article","@id":"https:\/\/www.arnoschrauwers.nl\/weblog\/11\/03\/2025\/luchtvervuiling-van-vooral-fijnstof-teistert-vrijwel-de-hele-mensheid\/#article","isPartOf":{"@id":"https:\/\/www.arnoschrauwers.nl\/weblog\/11\/03\/2025\/luchtvervuiling-van-vooral-fijnstof-teistert-vrijwel-de-hele-mensheid\/"},"author":{"name":"arno s","@id":"https:\/\/www.arnoschrauwers.nl\/weblog\/#\/schema\/person\/8c74e34597e3e2a46ff9b2fb8483fde2"},"headline":"Luchtvervuiling van vooral fijnstof teistert vrijwel de hele mensheid","datePublished":"2025-03-11T16:23:13+00:00","mainEntityOfPage":{"@id":"https:\/\/www.arnoschrauwers.nl\/weblog\/11\/03\/2025\/luchtvervuiling-van-vooral-fijnstof-teistert-vrijwel-de-hele-mensheid\/"},"wordCount":362,"commentCount":0,"image":{"@id":"https:\/\/www.arnoschrauwers.nl\/weblog\/11\/03\/2025\/luchtvervuiling-van-vooral-fijnstof-teistert-vrijwel-de-hele-mensheid\/#primaryimage"},"thumbnailUrl":"https:\/\/www.arnoschrauwers.nl\/weblog\/wp-content\/uploads\/Fijnstofvervuiling-1024x716.jpg","keywords":["fijnstof","kindersterfte","luchtvervuiling","sterfteoorzaak"],"articleSection":["gezondheid","milieu"],"inLanguage":"nl-NL","potentialAction":[{"@type":"CommentAction","name":"Comment","target":["https:\/\/www.arnoschrauwers.nl\/weblog\/11\/03\/2025\/luchtvervuiling-van-vooral-fijnstof-teistert-vrijwel-de-hele-mensheid\/#respond"]}]},{"@type":"WebPage","@id":"https:\/\/www.arnoschrauwers.nl\/weblog\/11\/03\/2025\/luchtvervuiling-van-vooral-fijnstof-teistert-vrijwel-de-hele-mensheid\/","url":"https:\/\/www.arnoschrauwers.nl\/weblog\/11\/03\/2025\/luchtvervuiling-van-vooral-fijnstof-teistert-vrijwel-de-hele-mensheid\/","name":"Luchtvervuiling van vooral fijnstof teistert vrijwel de hele mensheid - Geleerd uitschot","isPartOf":{"@id":"https:\/\/www.arnoschrauwers.nl\/weblog\/#website"},"primaryImageOfPage":{"@id":"https:\/\/www.arnoschrauwers.nl\/weblog\/11\/03\/2025\/luchtvervuiling-van-vooral-fijnstof-teistert-vrijwel-de-hele-mensheid\/#primaryimage"},"image":{"@id":"https:\/\/www.arnoschrauwers.nl\/weblog\/11\/03\/2025\/luchtvervuiling-van-vooral-fijnstof-teistert-vrijwel-de-hele-mensheid\/#primaryimage"},"thumbnailUrl":"https:\/\/www.arnoschrauwers.nl\/weblog\/wp-content\/uploads\/Fijnstofvervuiling-1024x716.jpg","datePublished":"2025-03-11T16:23:13+00:00","author":{"@id":"https:\/\/www.arnoschrauwers.nl\/weblog\/#\/schema\/person\/8c74e34597e3e2a46ff9b2fb8483fde2"},"description":"Volgens de wereldgezondheidsorganisatie teistert luchtvervuiling door fijnstof zo'n 99% van de wereldbevolking.","breadcrumb":{"@id":"https:\/\/www.arnoschrauwers.nl\/weblog\/11\/03\/2025\/luchtvervuiling-van-vooral-fijnstof-teistert-vrijwel-de-hele-mensheid\/#breadcrumb"},"inLanguage":"nl-NL","potentialAction":[{"@type":"ReadAction","target":["https:\/\/www.arnoschrauwers.nl\/weblog\/11\/03\/2025\/luchtvervuiling-van-vooral-fijnstof-teistert-vrijwel-de-hele-mensheid\/"]}]},{"@type":"ImageObject","inLanguage":"nl-NL","@id":"https:\/\/www.arnoschrauwers.nl\/weblog\/11\/03\/2025\/luchtvervuiling-van-vooral-fijnstof-teistert-vrijwel-de-hele-mensheid\/#primaryimage","url":"https:\/\/www.arnoschrauwers.nl\/weblog\/wp-content\/uploads\/Fijnstofvervuiling.jpg","contentUrl":"https:\/\/www.arnoschrauwers.nl\/weblog\/wp-content\/uploads\/Fijnstofvervuiling.jpg","width":1962,"height":1372,"caption":"Fijnstofvervuiling teistert vrijwel de hele mensheid (afb: IQAir)"},{"@type":"BreadcrumbList","@id":"https:\/\/www.arnoschrauwers.nl\/weblog\/11\/03\/2025\/luchtvervuiling-van-vooral-fijnstof-teistert-vrijwel-de-hele-mensheid\/#breadcrumb","itemListElement":[{"@type":"ListItem","position":1,"name":"Home","item":"https:\/\/www.arnoschrauwers.nl\/weblog\/"},{"@type":"ListItem","position":2,"name":"Luchtvervuiling van vooral fijnstof teistert vrijwel de hele mensheid"}]},{"@type":"WebSite","@id":"https:\/\/www.arnoschrauwers.nl\/weblog\/#website","url":"https:\/\/www.arnoschrauwers.nl\/weblog\/","name":"Geleerd uitschot","description":"Over wetenschap en ander vermaak","potentialAction":[{"@type":"SearchAction","target":{"@type":"EntryPoint","urlTemplate":"https:\/\/www.arnoschrauwers.nl\/weblog\/?s={search_term_string}"},"query-input":{"@type":"PropertyValueSpecification","valueRequired":true,"valueName":"search_term_string"}}],"inLanguage":"nl-NL"},{"@type":"Person","@id":"https:\/\/www.arnoschrauwers.nl\/weblog\/#\/schema\/person\/8c74e34597e3e2a46ff9b2fb8483fde2","name":"arno s","image":{"@type":"ImageObject","inLanguage":"nl-NL","@id":"https:\/\/secure.gravatar.com\/avatar\/bb84bca689a0564d3856b4db510b1c81bd818da9cf10a0ca85a6a84687de5ad3?s=96&d=blank&r=g","url":"https:\/\/secure.gravatar.com\/avatar\/bb84bca689a0564d3856b4db510b1c81bd818da9cf10a0ca85a6a84687de5ad3?s=96&d=blank&r=g","contentUrl":"https:\/\/secure.gravatar.com\/avatar\/bb84bca689a0564d3856b4db510b1c81bd818da9cf10a0ca85a6a84687de5ad3?s=96&d=blank&r=g","caption":"arno s"},"sameAs":["http:\/\/www.arnoschrauwers.nl"]}]}},"_links":{"self":[{"href":"https:\/\/www.arnoschrauwers.nl\/weblog\/wp-json\/wp\/v2\/posts\/16287","targetHints":{"allow":["GET"]}}],"collection":[{"href":"https:\/\/www.arnoschrauwers.nl\/weblog\/wp-json\/wp\/v2\/posts"}],"about":[{"href":"https:\/\/www.arnoschrauwers.nl\/weblog\/wp-json\/wp\/v2\/types\/post"}],"author":[{"embeddable":true,"href":"https:\/\/www.arnoschrauwers.nl\/weblog\/wp-json\/wp\/v2\/users\/2"}],"replies":[{"embeddable":true,"href":"https:\/\/www.arnoschrauwers.nl\/weblog\/wp-json\/wp\/v2\/comments?post=16287"}],"version-history":[{"count":1,"href":"https:\/\/www.arnoschrauwers.nl\/weblog\/wp-json\/wp\/v2\/posts\/16287\/revisions"}],"predecessor-version":[{"id":16289,"href":"https:\/\/www.arnoschrauwers.nl\/weblog\/wp-json\/wp\/v2\/posts\/16287\/revisions\/16289"}],"wp:attachment":[{"href":"https:\/\/www.arnoschrauwers.nl\/weblog\/wp-json\/wp\/v2\/media?parent=16287"}],"wp:term":[{"taxonomy":"category","embeddable":true,"href":"https:\/\/www.arnoschrauwers.nl\/weblog\/wp-json\/wp\/v2\/categories?post=16287"},{"taxonomy":"post_tag","embeddable":true,"href":"https:\/\/www.arnoschrauwers.nl\/weblog\/wp-json\/wp\/v2\/tags?post=16287"}],"curies":[{"name":"wp","href":"https:\/\/api.w.org\/{rel}","templated":true}]}}