{"id":16738,"date":"2025-09-05T17:00:46","date_gmt":"2025-09-05T15:00:46","guid":{"rendered":"https:\/\/www.arnoschrauwers.nl\/weblog\/?p=16738"},"modified":"2025-09-05T17:02:18","modified_gmt":"2025-09-05T15:02:18","slug":"bij-parkinson-boren-eiwitaggregaten-gaten-in-hersencellen","status":"publish","type":"post","link":"https:\/\/www.arnoschrauwers.nl\/weblog\/05\/09\/2025\/bij-parkinson-boren-eiwitaggregaten-gaten-in-hersencellen\/","title":{"rendered":"Bij Parkinson &#8216;boren&#8217; eiwitaggregaten gaten in hersencellen"},"content":{"rendered":"<div id=\"attachment_16740\" style=\"width: 424px\" class=\"wp-caption alignright\"><img decoding=\"async\" aria-describedby=\"caption-attachment-16740\" class=\"wp-image-16740\" src=\"https:\/\/www.arnoschrauwers.nl\/weblog\/wp-content\/uploads\/Alfasynucleine_porievorming-1024x791.jpg\" alt=\"Alfasynucle\u00efneaggregaten 'boren' gaten in hersencellen\" width=\"414\" srcset=\"https:\/\/www.arnoschrauwers.nl\/weblog\/wp-content\/uploads\/Alfasynucleine_porievorming-1024x791.jpg 1024w, https:\/\/www.arnoschrauwers.nl\/weblog\/wp-content\/uploads\/Alfasynucleine_porievorming-300x232.jpg 300w, https:\/\/www.arnoschrauwers.nl\/weblog\/wp-content\/uploads\/Alfasynucleine_porievorming-768x593.jpg 768w, https:\/\/www.arnoschrauwers.nl\/weblog\/wp-content\/uploads\/Alfasynucleine_porievorming-1536x1187.jpg 1536w, https:\/\/www.arnoschrauwers.nl\/weblog\/wp-content\/uploads\/Alfasynucleine_porievorming-2048x1583.jpg 2048w, https:\/\/www.arnoschrauwers.nl\/weblog\/wp-content\/uploads\/Alfasynucleine_porievorming-388x300.jpg 388w\" sizes=\"(max-width: 1024px) 100vw, 1024px\" \/><p id=\"caption-attachment-16740\" class=\"wp-caption-text\">Alfasynucle\u00efneaggregaten (paars)\u00a0 &#8216;boren&#8217; gaten in hersencellen die dynamisch functionerren (afb: Mette Galsgaard Malle)<\/p><\/div>\n<p>Onderzoeksters zouden ontdekt hebben dat bij de ziekte van Parkinson dat <a href=\"https:\/\/pubs.acs.org\/doi\/10.1021\/acsnano.5c04005\">eiwitcomplexen gaten &#8216;boren&#8217;<\/a> in het membraan van hersencellen. Dat zou ook het ziekteverloop verklaren. Parkinson ontwikkelt zich traag. De cellen gaan niet meteen kapot door die gaten, maar functioneren gaandeweg steeds minder goed.<!--more--><br \/>\nDe ziekte van Parkinson begint vaak subtiel. Een lichte trilling in de hand. Een beetje stijfheid, maar na verloop van tijd beginnen hersencellen af \u200b\u200bte sterven en verergeren de symptomen. De oorzaak is lange tijd een mysterie gebleven, maar wetenschappers denken nu mogelijk een stap dichter bij een verklaring te zijn.<br \/>\nBekend was dat het eiwit <a href=\"https:\/\/nl.wikipedia.org\/wiki\/Alfa-synucle%C3%AFne\">\u03b1-synucle\u00efne<\/a> een rol speelt in de cel-tot-celcommunicatie in gezonde hersenen. Bij Parkinson begint dat eiwit zich echter abnormaal te gedragen en klontert het samen tot toxische structuren.<br \/>\nTot nu toe richtte het meeste onderzoek zich op de grote aggregaten die zich vormen, fibrillen genaamd, die zichtbaar zijn in hersenweefsel van pati\u00ebnten met de ziekte van Parkinson. Een nieuwe studie richtte zich op kleinere, minder goed begrepen en giftigere structuren: \u03b1-synucle\u00efne-oligomeren. Volgens de onderzoeksters zijn dit de structuren die microscopisch kleine gaatjes in de membranen van zenuwcellen boren.<br \/>\n&#8220;Wij zijn de eersten die direct hebben waargenomen hoe deze oligomeren pori\u00ebn vormen en hoe die pori\u00ebn zich gedragen&#8221;, zegt <a href=\"https:\/\/pure.au.dk\/portal\/en\/persons\/malle%40inano.au.dk\">Mette Galsgaard Malle<\/a>, postdoctoraal onderzoekster aan zowel de universiteit van Aarhus als Harvard.<\/p>\n<p>Het proces verloopt in drie stappen. Eerst hechten de oligomeren zich aan het membraan, vooral op gebogen plekken. Vervolgens nestelen ze zich gedeeltelijk in het membraan. Ten slotte vormen ze een porie waar moleculen doorheen kunnen en die mogelijk de interne balans van de cel verstoort.<br \/>\nDie &#8216;gaten&#8217; zijn dynamisch. De pori\u00ebn openen en sluiten zich constant als kleine draaideuren.<br \/>\n&#8220;Dit dynamische gedrag kan helpen verklaren waarom de cellen niet onmiddellijk sterven&#8221;, zegt Bo Volf Br\u00f8chner, promovendus en eerste auteur van de studie. &#8220;Als de pori\u00ebn open zouden blijven, zouden de cellen waarschijnlijk heel snel instorten, maar omdat ze open en dicht gaan, kunnen de pompen van de cel dit mogelijk tijdelijk compenseren.&#8221;<\/p>\n<p>Dit is de eerste keer dat deze poriedynamiek direct is waargenomen. Dit werd mogelijk gemaakt door een nieuw ontwikkeld analyseplatform voor individuele vesikels, waarmee onderzoeksters interacties tussen individuele eiwitten en afzonderljke vesikels kunnen volgen. <a href=\"https:\/\/nl.wikipedia.org\/wiki\/Vesikel_(cel)\">Vesikels<\/a> zijn kleine kunstmatige &#8216;bootjes&#8217; die voorzien van een membraan en die stoffen transporteren.<br \/>\n&#8220;Het is alsof je naar een film in vertraging kijkt&#8221;, zegt Galsgaard Malle uit. &#8220;We kunnen niet alleen zien wat er gebeurt, we kunnen ook testen hoe verschillende moleculen het proces be\u00efnvloeden. Dat maakt het platform een \u200b\u200bwaardevol hulpmiddel voor medicijnbeproeving.&#8221;<\/p>\n<h2>Antilichamen<\/h2>\n<p>De onderzoeksters hebben al nanodeeltjes \u2013 kleine antilichaamfragmenten \u2013 getest die specifiek aan deze oligomeren binden. Ze lijken veelbelovend als zeer selectieve diagnostische hulpmiddelen. Of ze ook als medicijn werken is vooralsnog niiet bekend.<br \/>\n&#8220;De nanodeeltjes blokkeerden de porievorming niet&#8221;, zegt Volf Br\u00f8chner. &#8220;maar ze kunnen mogelijk wel helpen bij het detecteren van oligomeren in zeer vroege stadia van de ziekte. Dat is cruciaal, aangezien de ziekte van Parkinson meestal pas wordt vastgesteld nadat er aanzienlijke hersenschade is opgetreden.&#8221;<\/p>\n<p>De studie toont ook aan dat de pori\u00ebn niet willekeurig worden gevormd. Ze ontstaan \u200b\u200bmeestal in specifieke membraantypen \u2013 met name die welke lijken op de membranen van <a href=\"https:\/\/nl.wikipedia.org\/wiki\/Mitochondrion\">mitochondri\u00ebn<\/a>, de energiefabriekjes van de cel. Dit zou erop kunnen wijzen dat de schade daar begint.<br \/>\nDe onderzoeksters moeten bekenen dat de studie is uitgevoerd in modelsystemen, niet in levende cellen. De volgende stap zal zijn om de bevindingen te herhalen in biologisch weefsel, waar complexere factoren een rol spelen. &#8220;We hebben een schone experimentele opstelling gecre\u00eberd waarin we \u00e9\u00e9n ding tegelijk kunnen meten. Dat is de kracht van dit platform&#8221;, zegt Galsgaard Malle. &#8220;Nu moeten we de volgende stap zetten en onderzoeken wat er gebeurt in complexere biologische systemen.&#8221; Ik(=as) zou zeggen doe dat dan eerst voor je een artikel schrijft.<\/p>\n<p><em>Bron: <a href=\"https:\/\/www.sciencedaily.com\/releases\/2025\/09\/250904103922.htm\">Science Daily<\/a><\/em><\/p>\n","protected":false},"excerpt":{"rendered":"<p>Onderzoeksters zouden ontdekt hebben dat bij de ziekte van Parkinson dat eiwitcomplexen gaten &#8216;boren&#8217; in het membraan van hersencellen. Dat zou ook het ziekteverloop verklaren. Parkinson ontwikkelt zich traag. De cellen gaan niet meteen kapot door die gaten, maar functioneren &hellip; <a href=\"https:\/\/www.arnoschrauwers.nl\/weblog\/05\/09\/2025\/bij-parkinson-boren-eiwitaggregaten-gaten-in-hersencellen\/\">Lees verder <span class=\"meta-nav\">&rarr;<\/span><\/a><\/p>\n","protected":false},"author":2,"featured_media":0,"comment_status":"open","ping_status":"open","sticky":false,"template":"","format":"standard","meta":{"footnotes":""},"categories":[20,96],"tags":[6195,1616,10949,10950,10948],"class_list":["post-16738","post","type-post","status-publish","format-standard","hentry","category-gezondheid","category-hersens","tag-alfa-synucleine","tag-celmembraan","tag-eiwitaggregaten","tag-membraanporien","tag-ziekte-van-parkison"],"yoast_head":"<!-- This site is optimized with the Yoast SEO plugin v27.4 - https:\/\/yoast.com\/product\/yoast-seo-wordpress\/ -->\n<title>Bij Parkinson &#039;boren&#039; eiwitaggregaten gaten in hersencellen - Geleerd uitschot<\/title>\n<meta name=\"description\" content=\"Onderzoeksters ontdekten dat aggregaten van alfasynucle\u00efne bij de ziekte van Parkison gaten &#039;boort&#039; in het membraan van hersencellen.\" \/>\n<meta name=\"robots\" content=\"index, follow, max-snippet:-1, max-image-preview:large, max-video-preview:-1\" \/>\n<link rel=\"canonical\" href=\"https:\/\/www.arnoschrauwers.nl\/weblog\/05\/09\/2025\/bij-parkinson-boren-eiwitaggregaten-gaten-in-hersencellen\/\" \/>\n<meta property=\"og:locale\" content=\"nl_NL\" \/>\n<meta property=\"og:type\" content=\"article\" \/>\n<meta property=\"og:title\" content=\"Bij Parkinson &#039;boren&#039; eiwitaggregaten gaten in hersencellen - Geleerd uitschot\" \/>\n<meta property=\"og:description\" content=\"Onderzoeksters ontdekten dat aggregaten van alfasynucle\u00efne bij de ziekte van Parkison gaten &#039;boort&#039; in het membraan van hersencellen.\" \/>\n<meta property=\"og:url\" content=\"https:\/\/www.arnoschrauwers.nl\/weblog\/05\/09\/2025\/bij-parkinson-boren-eiwitaggregaten-gaten-in-hersencellen\/\" \/>\n<meta property=\"og:site_name\" content=\"Geleerd uitschot\" \/>\n<meta property=\"article:published_time\" content=\"2025-09-05T15:00:46+00:00\" \/>\n<meta property=\"article:modified_time\" content=\"2025-09-05T15:02:18+00:00\" \/>\n<meta property=\"og:image\" content=\"https:\/\/www.arnoschrauwers.nl\/weblog\/wp-content\/uploads\/Alfasynucleine_porievorming.jpg\" \/>\n\t<meta property=\"og:image:width\" content=\"2055\" \/>\n\t<meta property=\"og:image:height\" content=\"1588\" \/>\n\t<meta property=\"og:image:type\" content=\"image\/jpeg\" \/>\n<meta name=\"author\" content=\"arno s\" \/>\n<meta name=\"twitter:label1\" content=\"Geschreven door\" \/>\n\t<meta name=\"twitter:data1\" content=\"arno s\" \/>\n\t<meta name=\"twitter:label2\" content=\"Geschatte leestijd\" \/>\n\t<meta name=\"twitter:data2\" content=\"4 minuten\" \/>\n<script type=\"application\/ld+json\" class=\"yoast-schema-graph\">{\"@context\":\"https:\\\/\\\/schema.org\",\"@graph\":[{\"@type\":\"Article\",\"@id\":\"https:\\\/\\\/www.arnoschrauwers.nl\\\/weblog\\\/05\\\/09\\\/2025\\\/bij-parkinson-boren-eiwitaggregaten-gaten-in-hersencellen\\\/#article\",\"isPartOf\":{\"@id\":\"https:\\\/\\\/www.arnoschrauwers.nl\\\/weblog\\\/05\\\/09\\\/2025\\\/bij-parkinson-boren-eiwitaggregaten-gaten-in-hersencellen\\\/\"},\"author\":{\"name\":\"arno s\",\"@id\":\"https:\\\/\\\/www.arnoschrauwers.nl\\\/weblog\\\/#\\\/schema\\\/person\\\/8c74e34597e3e2a46ff9b2fb8483fde2\"},\"headline\":\"Bij Parkinson &#8216;boren&#8217; eiwitaggregaten gaten in hersencellen\",\"datePublished\":\"2025-09-05T15:00:46+00:00\",\"dateModified\":\"2025-09-05T15:02:18+00:00\",\"mainEntityOfPage\":{\"@id\":\"https:\\\/\\\/www.arnoschrauwers.nl\\\/weblog\\\/05\\\/09\\\/2025\\\/bij-parkinson-boren-eiwitaggregaten-gaten-in-hersencellen\\\/\"},\"wordCount\":674,\"commentCount\":0,\"image\":{\"@id\":\"https:\\\/\\\/www.arnoschrauwers.nl\\\/weblog\\\/05\\\/09\\\/2025\\\/bij-parkinson-boren-eiwitaggregaten-gaten-in-hersencellen\\\/#primaryimage\"},\"thumbnailUrl\":\"https:\\\/\\\/www.arnoschrauwers.nl\\\/weblog\\\/wp-content\\\/uploads\\\/Alfasynucleine_porievorming-1024x791.jpg\",\"keywords\":[\"alfa-synucle\u00efne\",\"celmembraan\",\"eiwitaggregaten\",\"membraanpori\u00ebn\",\"ziekte van Parkison\"],\"articleSection\":[\"gezondheid\",\"hersens\"],\"inLanguage\":\"nl-NL\",\"potentialAction\":[{\"@type\":\"CommentAction\",\"name\":\"Comment\",\"target\":[\"https:\\\/\\\/www.arnoschrauwers.nl\\\/weblog\\\/05\\\/09\\\/2025\\\/bij-parkinson-boren-eiwitaggregaten-gaten-in-hersencellen\\\/#respond\"]}]},{\"@type\":\"WebPage\",\"@id\":\"https:\\\/\\\/www.arnoschrauwers.nl\\\/weblog\\\/05\\\/09\\\/2025\\\/bij-parkinson-boren-eiwitaggregaten-gaten-in-hersencellen\\\/\",\"url\":\"https:\\\/\\\/www.arnoschrauwers.nl\\\/weblog\\\/05\\\/09\\\/2025\\\/bij-parkinson-boren-eiwitaggregaten-gaten-in-hersencellen\\\/\",\"name\":\"Bij Parkinson 'boren' eiwitaggregaten gaten in hersencellen - Geleerd uitschot\",\"isPartOf\":{\"@id\":\"https:\\\/\\\/www.arnoschrauwers.nl\\\/weblog\\\/#website\"},\"primaryImageOfPage\":{\"@id\":\"https:\\\/\\\/www.arnoschrauwers.nl\\\/weblog\\\/05\\\/09\\\/2025\\\/bij-parkinson-boren-eiwitaggregaten-gaten-in-hersencellen\\\/#primaryimage\"},\"image\":{\"@id\":\"https:\\\/\\\/www.arnoschrauwers.nl\\\/weblog\\\/05\\\/09\\\/2025\\\/bij-parkinson-boren-eiwitaggregaten-gaten-in-hersencellen\\\/#primaryimage\"},\"thumbnailUrl\":\"https:\\\/\\\/www.arnoschrauwers.nl\\\/weblog\\\/wp-content\\\/uploads\\\/Alfasynucleine_porievorming-1024x791.jpg\",\"datePublished\":\"2025-09-05T15:00:46+00:00\",\"dateModified\":\"2025-09-05T15:02:18+00:00\",\"author\":{\"@id\":\"https:\\\/\\\/www.arnoschrauwers.nl\\\/weblog\\\/#\\\/schema\\\/person\\\/8c74e34597e3e2a46ff9b2fb8483fde2\"},\"description\":\"Onderzoeksters ontdekten dat aggregaten van alfasynucle\u00efne bij de ziekte van Parkison gaten 'boort' in het membraan van hersencellen.\",\"breadcrumb\":{\"@id\":\"https:\\\/\\\/www.arnoschrauwers.nl\\\/weblog\\\/05\\\/09\\\/2025\\\/bij-parkinson-boren-eiwitaggregaten-gaten-in-hersencellen\\\/#breadcrumb\"},\"inLanguage\":\"nl-NL\",\"potentialAction\":[{\"@type\":\"ReadAction\",\"target\":[\"https:\\\/\\\/www.arnoschrauwers.nl\\\/weblog\\\/05\\\/09\\\/2025\\\/bij-parkinson-boren-eiwitaggregaten-gaten-in-hersencellen\\\/\"]}]},{\"@type\":\"ImageObject\",\"inLanguage\":\"nl-NL\",\"@id\":\"https:\\\/\\\/www.arnoschrauwers.nl\\\/weblog\\\/05\\\/09\\\/2025\\\/bij-parkinson-boren-eiwitaggregaten-gaten-in-hersencellen\\\/#primaryimage\",\"url\":\"https:\\\/\\\/www.arnoschrauwers.nl\\\/weblog\\\/wp-content\\\/uploads\\\/Alfasynucleine_porievorming.jpg\",\"contentUrl\":\"https:\\\/\\\/www.arnoschrauwers.nl\\\/weblog\\\/wp-content\\\/uploads\\\/Alfasynucleine_porievorming.jpg\",\"width\":2055,\"height\":1588,\"caption\":\"Alfasynucle\u00efneaggregaten 'boren' gaten in hersencellen (afb: Mette Galsgaard Malle)\"},{\"@type\":\"BreadcrumbList\",\"@id\":\"https:\\\/\\\/www.arnoschrauwers.nl\\\/weblog\\\/05\\\/09\\\/2025\\\/bij-parkinson-boren-eiwitaggregaten-gaten-in-hersencellen\\\/#breadcrumb\",\"itemListElement\":[{\"@type\":\"ListItem\",\"position\":1,\"name\":\"Home\",\"item\":\"https:\\\/\\\/www.arnoschrauwers.nl\\\/weblog\\\/\"},{\"@type\":\"ListItem\",\"position\":2,\"name\":\"Bij Parkinson &#8216;boren&#8217; eiwitaggregaten gaten in hersencellen\"}]},{\"@type\":\"WebSite\",\"@id\":\"https:\\\/\\\/www.arnoschrauwers.nl\\\/weblog\\\/#website\",\"url\":\"https:\\\/\\\/www.arnoschrauwers.nl\\\/weblog\\\/\",\"name\":\"Geleerd uitschot\",\"description\":\"Over wetenschap en ander vermaak\",\"potentialAction\":[{\"@type\":\"SearchAction\",\"target\":{\"@type\":\"EntryPoint\",\"urlTemplate\":\"https:\\\/\\\/www.arnoschrauwers.nl\\\/weblog\\\/?s={search_term_string}\"},\"query-input\":{\"@type\":\"PropertyValueSpecification\",\"valueRequired\":true,\"valueName\":\"search_term_string\"}}],\"inLanguage\":\"nl-NL\"},{\"@type\":\"Person\",\"@id\":\"https:\\\/\\\/www.arnoschrauwers.nl\\\/weblog\\\/#\\\/schema\\\/person\\\/8c74e34597e3e2a46ff9b2fb8483fde2\",\"name\":\"arno s\",\"image\":{\"@type\":\"ImageObject\",\"inLanguage\":\"nl-NL\",\"@id\":\"https:\\\/\\\/secure.gravatar.com\\\/avatar\\\/bb84bca689a0564d3856b4db510b1c81bd818da9cf10a0ca85a6a84687de5ad3?s=96&d=blank&r=g\",\"url\":\"https:\\\/\\\/secure.gravatar.com\\\/avatar\\\/bb84bca689a0564d3856b4db510b1c81bd818da9cf10a0ca85a6a84687de5ad3?s=96&d=blank&r=g\",\"contentUrl\":\"https:\\\/\\\/secure.gravatar.com\\\/avatar\\\/bb84bca689a0564d3856b4db510b1c81bd818da9cf10a0ca85a6a84687de5ad3?s=96&d=blank&r=g\",\"caption\":\"arno s\"},\"sameAs\":[\"http:\\\/\\\/www.arnoschrauwers.nl\"]}]}<\/script>\n<!-- \/ Yoast SEO plugin. -->","yoast_head_json":{"title":"Bij Parkinson 'boren' eiwitaggregaten gaten in hersencellen - Geleerd uitschot","description":"Onderzoeksters ontdekten dat aggregaten van alfasynucle\u00efne bij de ziekte van Parkison gaten 'boort' in het membraan van hersencellen.","robots":{"index":"index","follow":"follow","max-snippet":"max-snippet:-1","max-image-preview":"max-image-preview:large","max-video-preview":"max-video-preview:-1"},"canonical":"https:\/\/www.arnoschrauwers.nl\/weblog\/05\/09\/2025\/bij-parkinson-boren-eiwitaggregaten-gaten-in-hersencellen\/","og_locale":"nl_NL","og_type":"article","og_title":"Bij Parkinson 'boren' eiwitaggregaten gaten in hersencellen - Geleerd uitschot","og_description":"Onderzoeksters ontdekten dat aggregaten van alfasynucle\u00efne bij de ziekte van Parkison gaten 'boort' in het membraan van hersencellen.","og_url":"https:\/\/www.arnoschrauwers.nl\/weblog\/05\/09\/2025\/bij-parkinson-boren-eiwitaggregaten-gaten-in-hersencellen\/","og_site_name":"Geleerd uitschot","article_published_time":"2025-09-05T15:00:46+00:00","article_modified_time":"2025-09-05T15:02:18+00:00","og_image":[{"width":2055,"height":1588,"url":"https:\/\/www.arnoschrauwers.nl\/weblog\/wp-content\/uploads\/Alfasynucleine_porievorming.jpg","type":"image\/jpeg"}],"author":"arno s","twitter_misc":{"Geschreven door":"arno s","Geschatte leestijd":"4 minuten"},"schema":{"@context":"https:\/\/schema.org","@graph":[{"@type":"Article","@id":"https:\/\/www.arnoschrauwers.nl\/weblog\/05\/09\/2025\/bij-parkinson-boren-eiwitaggregaten-gaten-in-hersencellen\/#article","isPartOf":{"@id":"https:\/\/www.arnoschrauwers.nl\/weblog\/05\/09\/2025\/bij-parkinson-boren-eiwitaggregaten-gaten-in-hersencellen\/"},"author":{"name":"arno s","@id":"https:\/\/www.arnoschrauwers.nl\/weblog\/#\/schema\/person\/8c74e34597e3e2a46ff9b2fb8483fde2"},"headline":"Bij Parkinson &#8216;boren&#8217; eiwitaggregaten gaten in hersencellen","datePublished":"2025-09-05T15:00:46+00:00","dateModified":"2025-09-05T15:02:18+00:00","mainEntityOfPage":{"@id":"https:\/\/www.arnoschrauwers.nl\/weblog\/05\/09\/2025\/bij-parkinson-boren-eiwitaggregaten-gaten-in-hersencellen\/"},"wordCount":674,"commentCount":0,"image":{"@id":"https:\/\/www.arnoschrauwers.nl\/weblog\/05\/09\/2025\/bij-parkinson-boren-eiwitaggregaten-gaten-in-hersencellen\/#primaryimage"},"thumbnailUrl":"https:\/\/www.arnoschrauwers.nl\/weblog\/wp-content\/uploads\/Alfasynucleine_porievorming-1024x791.jpg","keywords":["alfa-synucle\u00efne","celmembraan","eiwitaggregaten","membraanpori\u00ebn","ziekte van Parkison"],"articleSection":["gezondheid","hersens"],"inLanguage":"nl-NL","potentialAction":[{"@type":"CommentAction","name":"Comment","target":["https:\/\/www.arnoschrauwers.nl\/weblog\/05\/09\/2025\/bij-parkinson-boren-eiwitaggregaten-gaten-in-hersencellen\/#respond"]}]},{"@type":"WebPage","@id":"https:\/\/www.arnoschrauwers.nl\/weblog\/05\/09\/2025\/bij-parkinson-boren-eiwitaggregaten-gaten-in-hersencellen\/","url":"https:\/\/www.arnoschrauwers.nl\/weblog\/05\/09\/2025\/bij-parkinson-boren-eiwitaggregaten-gaten-in-hersencellen\/","name":"Bij Parkinson 'boren' eiwitaggregaten gaten in hersencellen - Geleerd uitschot","isPartOf":{"@id":"https:\/\/www.arnoschrauwers.nl\/weblog\/#website"},"primaryImageOfPage":{"@id":"https:\/\/www.arnoschrauwers.nl\/weblog\/05\/09\/2025\/bij-parkinson-boren-eiwitaggregaten-gaten-in-hersencellen\/#primaryimage"},"image":{"@id":"https:\/\/www.arnoschrauwers.nl\/weblog\/05\/09\/2025\/bij-parkinson-boren-eiwitaggregaten-gaten-in-hersencellen\/#primaryimage"},"thumbnailUrl":"https:\/\/www.arnoschrauwers.nl\/weblog\/wp-content\/uploads\/Alfasynucleine_porievorming-1024x791.jpg","datePublished":"2025-09-05T15:00:46+00:00","dateModified":"2025-09-05T15:02:18+00:00","author":{"@id":"https:\/\/www.arnoschrauwers.nl\/weblog\/#\/schema\/person\/8c74e34597e3e2a46ff9b2fb8483fde2"},"description":"Onderzoeksters ontdekten dat aggregaten van alfasynucle\u00efne bij de ziekte van Parkison gaten 'boort' in het membraan van hersencellen.","breadcrumb":{"@id":"https:\/\/www.arnoschrauwers.nl\/weblog\/05\/09\/2025\/bij-parkinson-boren-eiwitaggregaten-gaten-in-hersencellen\/#breadcrumb"},"inLanguage":"nl-NL","potentialAction":[{"@type":"ReadAction","target":["https:\/\/www.arnoschrauwers.nl\/weblog\/05\/09\/2025\/bij-parkinson-boren-eiwitaggregaten-gaten-in-hersencellen\/"]}]},{"@type":"ImageObject","inLanguage":"nl-NL","@id":"https:\/\/www.arnoschrauwers.nl\/weblog\/05\/09\/2025\/bij-parkinson-boren-eiwitaggregaten-gaten-in-hersencellen\/#primaryimage","url":"https:\/\/www.arnoschrauwers.nl\/weblog\/wp-content\/uploads\/Alfasynucleine_porievorming.jpg","contentUrl":"https:\/\/www.arnoschrauwers.nl\/weblog\/wp-content\/uploads\/Alfasynucleine_porievorming.jpg","width":2055,"height":1588,"caption":"Alfasynucle\u00efneaggregaten 'boren' gaten in hersencellen (afb: Mette Galsgaard Malle)"},{"@type":"BreadcrumbList","@id":"https:\/\/www.arnoschrauwers.nl\/weblog\/05\/09\/2025\/bij-parkinson-boren-eiwitaggregaten-gaten-in-hersencellen\/#breadcrumb","itemListElement":[{"@type":"ListItem","position":1,"name":"Home","item":"https:\/\/www.arnoschrauwers.nl\/weblog\/"},{"@type":"ListItem","position":2,"name":"Bij Parkinson &#8216;boren&#8217; eiwitaggregaten gaten in hersencellen"}]},{"@type":"WebSite","@id":"https:\/\/www.arnoschrauwers.nl\/weblog\/#website","url":"https:\/\/www.arnoschrauwers.nl\/weblog\/","name":"Geleerd uitschot","description":"Over wetenschap en ander vermaak","potentialAction":[{"@type":"SearchAction","target":{"@type":"EntryPoint","urlTemplate":"https:\/\/www.arnoschrauwers.nl\/weblog\/?s={search_term_string}"},"query-input":{"@type":"PropertyValueSpecification","valueRequired":true,"valueName":"search_term_string"}}],"inLanguage":"nl-NL"},{"@type":"Person","@id":"https:\/\/www.arnoschrauwers.nl\/weblog\/#\/schema\/person\/8c74e34597e3e2a46ff9b2fb8483fde2","name":"arno s","image":{"@type":"ImageObject","inLanguage":"nl-NL","@id":"https:\/\/secure.gravatar.com\/avatar\/bb84bca689a0564d3856b4db510b1c81bd818da9cf10a0ca85a6a84687de5ad3?s=96&d=blank&r=g","url":"https:\/\/secure.gravatar.com\/avatar\/bb84bca689a0564d3856b4db510b1c81bd818da9cf10a0ca85a6a84687de5ad3?s=96&d=blank&r=g","contentUrl":"https:\/\/secure.gravatar.com\/avatar\/bb84bca689a0564d3856b4db510b1c81bd818da9cf10a0ca85a6a84687de5ad3?s=96&d=blank&r=g","caption":"arno s"},"sameAs":["http:\/\/www.arnoschrauwers.nl"]}]}},"_links":{"self":[{"href":"https:\/\/www.arnoschrauwers.nl\/weblog\/wp-json\/wp\/v2\/posts\/16738","targetHints":{"allow":["GET"]}}],"collection":[{"href":"https:\/\/www.arnoschrauwers.nl\/weblog\/wp-json\/wp\/v2\/posts"}],"about":[{"href":"https:\/\/www.arnoschrauwers.nl\/weblog\/wp-json\/wp\/v2\/types\/post"}],"author":[{"embeddable":true,"href":"https:\/\/www.arnoschrauwers.nl\/weblog\/wp-json\/wp\/v2\/users\/2"}],"replies":[{"embeddable":true,"href":"https:\/\/www.arnoschrauwers.nl\/weblog\/wp-json\/wp\/v2\/comments?post=16738"}],"version-history":[{"count":3,"href":"https:\/\/www.arnoschrauwers.nl\/weblog\/wp-json\/wp\/v2\/posts\/16738\/revisions"}],"predecessor-version":[{"id":16743,"href":"https:\/\/www.arnoschrauwers.nl\/weblog\/wp-json\/wp\/v2\/posts\/16738\/revisions\/16743"}],"wp:attachment":[{"href":"https:\/\/www.arnoschrauwers.nl\/weblog\/wp-json\/wp\/v2\/media?parent=16738"}],"wp:term":[{"taxonomy":"category","embeddable":true,"href":"https:\/\/www.arnoschrauwers.nl\/weblog\/wp-json\/wp\/v2\/categories?post=16738"},{"taxonomy":"post_tag","embeddable":true,"href":"https:\/\/www.arnoschrauwers.nl\/weblog\/wp-json\/wp\/v2\/tags?post=16738"}],"curies":[{"name":"wp","href":"https:\/\/api.w.org\/{rel}","templated":true}]}}