{"id":2638,"date":"2014-02-27T22:52:41","date_gmt":"2014-02-27T20:52:41","guid":{"rendered":"http:\/\/www.arnoschrauwers.nl\/weblog\/?p=2638"},"modified":"2014-02-27T22:52:41","modified_gmt":"2014-02-27T20:52:41","slug":"droogte-mede-oorzaak-burgeroorlog-syrie","status":"publish","type":"post","link":"https:\/\/www.arnoschrauwers.nl\/weblog\/27\/02\/2014\/droogte-mede-oorzaak-burgeroorlog-syrie\/","title":{"rendered":"Droogte mede oorzaak burgeroorlog Syri\u00eb"},"content":{"rendered":"<div id=\"attachment_2639\" style=\"width: 440px\" class=\"wp-caption alignleft\"><a href=\"http:\/\/www.arnoschrauwers.nl\/weblog\/wp-content\/uploads\/20110316_euphrate_syria_600.jpg\"><img decoding=\"async\" aria-describedby=\"caption-attachment-2639\" class=\"wp-image-2639\" alt=\"Irrigatiekanaal Syri\u00eb\" src=\"http:\/\/www.arnoschrauwers.nl\/weblog\/wp-content\/uploads\/20110316_euphrate_syria_600.jpg\" width=\"430\" srcset=\"https:\/\/www.arnoschrauwers.nl\/weblog\/wp-content\/uploads\/20110316_euphrate_syria_600.jpg 600w, https:\/\/www.arnoschrauwers.nl\/weblog\/wp-content\/uploads\/20110316_euphrate_syria_600-300x200.jpg 300w, https:\/\/www.arnoschrauwers.nl\/weblog\/wp-content\/uploads\/20110316_euphrate_syria_600-450x300.jpg 450w\" sizes=\"(max-width: 600px) 100vw, 600px\" \/><\/a><p id=\"caption-attachment-2639\" class=\"wp-caption-text\">Een irrigatiekanaal dat water van de Eufraat naar landbouwgebieden moet leiden.<\/p><\/div>\n<p>Droogte en burgeroorlog, hebben die twee iets met elkaar uit te staan? Ja, <a href=\"http:\/\/www.tandfonline.com\/doi\/full\/10.1080\/00263206.2013.850076\">denken onderzoekers van de Radboud-universiteit<\/a> in Nijmegen. De droogte-periode van 2006 tot 2010 in Syri\u00eb heeft bijgedragen aan het begin van de gruwelijke burgeroorlog, die nu al zo&#8217;n twee jaar woedt en waarvan het eind voorlopig niet in zicht is. Volgens onderzoekster Francesca de Ch\u00e2tel was het niet de droogte op zich, maar het onvermogen van het regime de gevolgen van die droogte voor de bevolking binnen de perken te houden. <!--more--><br \/>\nVolgens De Ch\u00e2tel is de huidige situatie in Syri\u00eb een gevolg van 50 jaar wanbeleid op het gebied van water- en landgebruik. Overbegrazing leidde tot verwoestijning. Het schrappen van subsidies voor diesel en kunstmest, in een streven naar meer markteconomie, bracht meer armoede op het platteland en bracht een trek op gang van de arme boeren naar steden op zoek naar werk. Kortom er ging een hoop mis en samen met een toenemende onderdrukking leidde dat tot veel ontevredenheid op het Syrische platteland, zo is De Ch\u00e2tels verklaring. Ze is vooral kritisch over de geheimzinnigheid rond het onderwerp water in de Syrische regering. &#8220;Water was een taboe geworden dat met tegenzin werd besproken; niet alleen in het publieke domein, maar ook op regeringsniveau.&#8221;<\/p>\n<p><em>Bron:<a href=\"http:\/\/www.alphagalileo.org\/ViewItem.aspx?ItemId=139384&amp;CultureCode=en\"> Alpha Galileo<\/a><\/em><\/p>\n","protected":false},"excerpt":{"rendered":"<p>Droogte en burgeroorlog, hebben die twee iets met elkaar uit te staan? Ja, denken onderzoekers van de Radboud-universiteit in Nijmegen. De droogte-periode van 2006 tot 2010 in Syri\u00eb heeft bijgedragen aan het begin van de gruwelijke burgeroorlog, die nu al &hellip; <a href=\"https:\/\/www.arnoschrauwers.nl\/weblog\/27\/02\/2014\/droogte-mede-oorzaak-burgeroorlog-syrie\/\">Lees verder <span class=\"meta-nav\">&rarr;<\/span><\/a><\/p>\n","protected":false},"author":2,"featured_media":0,"comment_status":"open","ping_status":"open","sticky":false,"template":"","format":"standard","meta":{"footnotes":""},"categories":[90,34,81,124],"tags":[1029,3571,1144],"class_list":["post-2638","post","type-post","status-publish","format-standard","hentry","category-klimaat","category-oorlog","category-voeding","category-water","tag-droogte","tag-landbouw","tag-syrie"],"yoast_head":"<!-- This site is optimized with the Yoast SEO plugin v27.5 - https:\/\/yoast.com\/product\/yoast-seo-wordpress\/ -->\n<title>Droogte mede oorzaak burgeroorlog Syri\u00eb - Geleerd uitschot<\/title>\n<meta name=\"description\" content=\"De droogte in Syri\u00eb is mede een oorzaak voor de burgeroorlog in Syri\u00eb, zeggen onderzoekers van de Nijmeegse Radboud-universiteit.\" \/>\n<meta name=\"robots\" content=\"index, follow, max-snippet:-1, max-image-preview:large, max-video-preview:-1\" \/>\n<link rel=\"canonical\" href=\"https:\/\/www.arnoschrauwers.nl\/weblog\/27\/02\/2014\/droogte-mede-oorzaak-burgeroorlog-syrie\/\" \/>\n<meta property=\"og:locale\" content=\"nl_NL\" \/>\n<meta property=\"og:type\" content=\"article\" \/>\n<meta property=\"og:title\" content=\"Droogte mede oorzaak burgeroorlog Syri\u00eb - Geleerd uitschot\" \/>\n<meta property=\"og:description\" content=\"De droogte in Syri\u00eb is mede een oorzaak voor de burgeroorlog in Syri\u00eb, zeggen onderzoekers van de Nijmeegse Radboud-universiteit.\" \/>\n<meta property=\"og:url\" content=\"https:\/\/www.arnoschrauwers.nl\/weblog\/27\/02\/2014\/droogte-mede-oorzaak-burgeroorlog-syrie\/\" \/>\n<meta property=\"og:site_name\" content=\"Geleerd uitschot\" \/>\n<meta property=\"article:published_time\" content=\"2014-02-27T20:52:41+00:00\" \/>\n<meta property=\"og:image\" content=\"http:\/\/www.arnoschrauwers.nl\/weblog\/wp-content\/uploads\/20110316_euphrate_syria_600.jpg\" \/>\n<meta name=\"author\" content=\"arno s\" \/>\n<meta name=\"twitter:label1\" content=\"Geschreven door\" \/>\n\t<meta name=\"twitter:data1\" content=\"arno s\" \/>\n\t<meta name=\"twitter:label2\" content=\"Geschatte leestijd\" \/>\n\t<meta name=\"twitter:data2\" content=\"1 minuut\" \/>\n<script type=\"application\/ld+json\" class=\"yoast-schema-graph\">{\"@context\":\"https:\\\/\\\/schema.org\",\"@graph\":[{\"@type\":\"Article\",\"@id\":\"https:\\\/\\\/www.arnoschrauwers.nl\\\/weblog\\\/27\\\/02\\\/2014\\\/droogte-mede-oorzaak-burgeroorlog-syrie\\\/#article\",\"isPartOf\":{\"@id\":\"https:\\\/\\\/www.arnoschrauwers.nl\\\/weblog\\\/27\\\/02\\\/2014\\\/droogte-mede-oorzaak-burgeroorlog-syrie\\\/\"},\"author\":{\"name\":\"arno s\",\"@id\":\"https:\\\/\\\/www.arnoschrauwers.nl\\\/weblog\\\/#\\\/schema\\\/person\\\/8c74e34597e3e2a46ff9b2fb8483fde2\"},\"headline\":\"Droogte mede oorzaak burgeroorlog Syri\u00eb\",\"datePublished\":\"2014-02-27T20:52:41+00:00\",\"mainEntityOfPage\":{\"@id\":\"https:\\\/\\\/www.arnoschrauwers.nl\\\/weblog\\\/27\\\/02\\\/2014\\\/droogte-mede-oorzaak-burgeroorlog-syrie\\\/\"},\"wordCount\":233,\"commentCount\":1,\"image\":{\"@id\":\"https:\\\/\\\/www.arnoschrauwers.nl\\\/weblog\\\/27\\\/02\\\/2014\\\/droogte-mede-oorzaak-burgeroorlog-syrie\\\/#primaryimage\"},\"thumbnailUrl\":\"http:\\\/\\\/www.arnoschrauwers.nl\\\/weblog\\\/wp-content\\\/uploads\\\/20110316_euphrate_syria_600.jpg\",\"keywords\":[\"droogte\",\"landbouw\",\"Syri\u00eb\"],\"articleSection\":[\"klimaat\",\"oorlog\",\"voeding\",\"water\"],\"inLanguage\":\"nl-NL\",\"potentialAction\":[{\"@type\":\"CommentAction\",\"name\":\"Comment\",\"target\":[\"https:\\\/\\\/www.arnoschrauwers.nl\\\/weblog\\\/27\\\/02\\\/2014\\\/droogte-mede-oorzaak-burgeroorlog-syrie\\\/#respond\"]}]},{\"@type\":\"WebPage\",\"@id\":\"https:\\\/\\\/www.arnoschrauwers.nl\\\/weblog\\\/27\\\/02\\\/2014\\\/droogte-mede-oorzaak-burgeroorlog-syrie\\\/\",\"url\":\"https:\\\/\\\/www.arnoschrauwers.nl\\\/weblog\\\/27\\\/02\\\/2014\\\/droogte-mede-oorzaak-burgeroorlog-syrie\\\/\",\"name\":\"Droogte mede oorzaak burgeroorlog Syri\u00eb - Geleerd uitschot\",\"isPartOf\":{\"@id\":\"https:\\\/\\\/www.arnoschrauwers.nl\\\/weblog\\\/#website\"},\"primaryImageOfPage\":{\"@id\":\"https:\\\/\\\/www.arnoschrauwers.nl\\\/weblog\\\/27\\\/02\\\/2014\\\/droogte-mede-oorzaak-burgeroorlog-syrie\\\/#primaryimage\"},\"image\":{\"@id\":\"https:\\\/\\\/www.arnoschrauwers.nl\\\/weblog\\\/27\\\/02\\\/2014\\\/droogte-mede-oorzaak-burgeroorlog-syrie\\\/#primaryimage\"},\"thumbnailUrl\":\"http:\\\/\\\/www.arnoschrauwers.nl\\\/weblog\\\/wp-content\\\/uploads\\\/20110316_euphrate_syria_600.jpg\",\"datePublished\":\"2014-02-27T20:52:41+00:00\",\"author\":{\"@id\":\"https:\\\/\\\/www.arnoschrauwers.nl\\\/weblog\\\/#\\\/schema\\\/person\\\/8c74e34597e3e2a46ff9b2fb8483fde2\"},\"description\":\"De droogte in Syri\u00eb is mede een oorzaak voor de burgeroorlog in Syri\u00eb, zeggen onderzoekers van de Nijmeegse Radboud-universiteit.\",\"breadcrumb\":{\"@id\":\"https:\\\/\\\/www.arnoschrauwers.nl\\\/weblog\\\/27\\\/02\\\/2014\\\/droogte-mede-oorzaak-burgeroorlog-syrie\\\/#breadcrumb\"},\"inLanguage\":\"nl-NL\",\"potentialAction\":[{\"@type\":\"ReadAction\",\"target\":[\"https:\\\/\\\/www.arnoschrauwers.nl\\\/weblog\\\/27\\\/02\\\/2014\\\/droogte-mede-oorzaak-burgeroorlog-syrie\\\/\"]}]},{\"@type\":\"ImageObject\",\"inLanguage\":\"nl-NL\",\"@id\":\"https:\\\/\\\/www.arnoschrauwers.nl\\\/weblog\\\/27\\\/02\\\/2014\\\/droogte-mede-oorzaak-burgeroorlog-syrie\\\/#primaryimage\",\"url\":\"http:\\\/\\\/www.arnoschrauwers.nl\\\/weblog\\\/wp-content\\\/uploads\\\/20110316_euphrate_syria_600.jpg\",\"contentUrl\":\"http:\\\/\\\/www.arnoschrauwers.nl\\\/weblog\\\/wp-content\\\/uploads\\\/20110316_euphrate_syria_600.jpg\"},{\"@type\":\"BreadcrumbList\",\"@id\":\"https:\\\/\\\/www.arnoschrauwers.nl\\\/weblog\\\/27\\\/02\\\/2014\\\/droogte-mede-oorzaak-burgeroorlog-syrie\\\/#breadcrumb\",\"itemListElement\":[{\"@type\":\"ListItem\",\"position\":1,\"name\":\"Home\",\"item\":\"https:\\\/\\\/www.arnoschrauwers.nl\\\/weblog\\\/\"},{\"@type\":\"ListItem\",\"position\":2,\"name\":\"Droogte mede oorzaak burgeroorlog Syri\u00eb\"}]},{\"@type\":\"WebSite\",\"@id\":\"https:\\\/\\\/www.arnoschrauwers.nl\\\/weblog\\\/#website\",\"url\":\"https:\\\/\\\/www.arnoschrauwers.nl\\\/weblog\\\/\",\"name\":\"Geleerd uitschot\",\"description\":\"Over wetenschap en ander vermaak\",\"potentialAction\":[{\"@type\":\"SearchAction\",\"target\":{\"@type\":\"EntryPoint\",\"urlTemplate\":\"https:\\\/\\\/www.arnoschrauwers.nl\\\/weblog\\\/?s={search_term_string}\"},\"query-input\":{\"@type\":\"PropertyValueSpecification\",\"valueRequired\":true,\"valueName\":\"search_term_string\"}}],\"inLanguage\":\"nl-NL\"},{\"@type\":\"Person\",\"@id\":\"https:\\\/\\\/www.arnoschrauwers.nl\\\/weblog\\\/#\\\/schema\\\/person\\\/8c74e34597e3e2a46ff9b2fb8483fde2\",\"name\":\"arno s\",\"image\":{\"@type\":\"ImageObject\",\"inLanguage\":\"nl-NL\",\"@id\":\"https:\\\/\\\/secure.gravatar.com\\\/avatar\\\/bb84bca689a0564d3856b4db510b1c81bd818da9cf10a0ca85a6a84687de5ad3?s=96&d=blank&r=g\",\"url\":\"https:\\\/\\\/secure.gravatar.com\\\/avatar\\\/bb84bca689a0564d3856b4db510b1c81bd818da9cf10a0ca85a6a84687de5ad3?s=96&d=blank&r=g\",\"contentUrl\":\"https:\\\/\\\/secure.gravatar.com\\\/avatar\\\/bb84bca689a0564d3856b4db510b1c81bd818da9cf10a0ca85a6a84687de5ad3?s=96&d=blank&r=g\",\"caption\":\"arno s\"},\"sameAs\":[\"http:\\\/\\\/www.arnoschrauwers.nl\"]}]}<\/script>\n<!-- \/ Yoast SEO plugin. -->","yoast_head_json":{"title":"Droogte mede oorzaak burgeroorlog Syri\u00eb - Geleerd uitschot","description":"De droogte in Syri\u00eb is mede een oorzaak voor de burgeroorlog in Syri\u00eb, zeggen onderzoekers van de Nijmeegse Radboud-universiteit.","robots":{"index":"index","follow":"follow","max-snippet":"max-snippet:-1","max-image-preview":"max-image-preview:large","max-video-preview":"max-video-preview:-1"},"canonical":"https:\/\/www.arnoschrauwers.nl\/weblog\/27\/02\/2014\/droogte-mede-oorzaak-burgeroorlog-syrie\/","og_locale":"nl_NL","og_type":"article","og_title":"Droogte mede oorzaak burgeroorlog Syri\u00eb - Geleerd uitschot","og_description":"De droogte in Syri\u00eb is mede een oorzaak voor de burgeroorlog in Syri\u00eb, zeggen onderzoekers van de Nijmeegse Radboud-universiteit.","og_url":"https:\/\/www.arnoschrauwers.nl\/weblog\/27\/02\/2014\/droogte-mede-oorzaak-burgeroorlog-syrie\/","og_site_name":"Geleerd uitschot","article_published_time":"2014-02-27T20:52:41+00:00","og_image":[{"url":"http:\/\/www.arnoschrauwers.nl\/weblog\/wp-content\/uploads\/20110316_euphrate_syria_600.jpg","type":"","width":"","height":""}],"author":"arno s","twitter_misc":{"Geschreven door":"arno s","Geschatte leestijd":"1 minuut"},"schema":{"@context":"https:\/\/schema.org","@graph":[{"@type":"Article","@id":"https:\/\/www.arnoschrauwers.nl\/weblog\/27\/02\/2014\/droogte-mede-oorzaak-burgeroorlog-syrie\/#article","isPartOf":{"@id":"https:\/\/www.arnoschrauwers.nl\/weblog\/27\/02\/2014\/droogte-mede-oorzaak-burgeroorlog-syrie\/"},"author":{"name":"arno s","@id":"https:\/\/www.arnoschrauwers.nl\/weblog\/#\/schema\/person\/8c74e34597e3e2a46ff9b2fb8483fde2"},"headline":"Droogte mede oorzaak burgeroorlog Syri\u00eb","datePublished":"2014-02-27T20:52:41+00:00","mainEntityOfPage":{"@id":"https:\/\/www.arnoschrauwers.nl\/weblog\/27\/02\/2014\/droogte-mede-oorzaak-burgeroorlog-syrie\/"},"wordCount":233,"commentCount":1,"image":{"@id":"https:\/\/www.arnoschrauwers.nl\/weblog\/27\/02\/2014\/droogte-mede-oorzaak-burgeroorlog-syrie\/#primaryimage"},"thumbnailUrl":"http:\/\/www.arnoschrauwers.nl\/weblog\/wp-content\/uploads\/20110316_euphrate_syria_600.jpg","keywords":["droogte","landbouw","Syri\u00eb"],"articleSection":["klimaat","oorlog","voeding","water"],"inLanguage":"nl-NL","potentialAction":[{"@type":"CommentAction","name":"Comment","target":["https:\/\/www.arnoschrauwers.nl\/weblog\/27\/02\/2014\/droogte-mede-oorzaak-burgeroorlog-syrie\/#respond"]}]},{"@type":"WebPage","@id":"https:\/\/www.arnoschrauwers.nl\/weblog\/27\/02\/2014\/droogte-mede-oorzaak-burgeroorlog-syrie\/","url":"https:\/\/www.arnoschrauwers.nl\/weblog\/27\/02\/2014\/droogte-mede-oorzaak-burgeroorlog-syrie\/","name":"Droogte mede oorzaak burgeroorlog Syri\u00eb - Geleerd uitschot","isPartOf":{"@id":"https:\/\/www.arnoschrauwers.nl\/weblog\/#website"},"primaryImageOfPage":{"@id":"https:\/\/www.arnoschrauwers.nl\/weblog\/27\/02\/2014\/droogte-mede-oorzaak-burgeroorlog-syrie\/#primaryimage"},"image":{"@id":"https:\/\/www.arnoschrauwers.nl\/weblog\/27\/02\/2014\/droogte-mede-oorzaak-burgeroorlog-syrie\/#primaryimage"},"thumbnailUrl":"http:\/\/www.arnoschrauwers.nl\/weblog\/wp-content\/uploads\/20110316_euphrate_syria_600.jpg","datePublished":"2014-02-27T20:52:41+00:00","author":{"@id":"https:\/\/www.arnoschrauwers.nl\/weblog\/#\/schema\/person\/8c74e34597e3e2a46ff9b2fb8483fde2"},"description":"De droogte in Syri\u00eb is mede een oorzaak voor de burgeroorlog in Syri\u00eb, zeggen onderzoekers van de Nijmeegse Radboud-universiteit.","breadcrumb":{"@id":"https:\/\/www.arnoschrauwers.nl\/weblog\/27\/02\/2014\/droogte-mede-oorzaak-burgeroorlog-syrie\/#breadcrumb"},"inLanguage":"nl-NL","potentialAction":[{"@type":"ReadAction","target":["https:\/\/www.arnoschrauwers.nl\/weblog\/27\/02\/2014\/droogte-mede-oorzaak-burgeroorlog-syrie\/"]}]},{"@type":"ImageObject","inLanguage":"nl-NL","@id":"https:\/\/www.arnoschrauwers.nl\/weblog\/27\/02\/2014\/droogte-mede-oorzaak-burgeroorlog-syrie\/#primaryimage","url":"http:\/\/www.arnoschrauwers.nl\/weblog\/wp-content\/uploads\/20110316_euphrate_syria_600.jpg","contentUrl":"http:\/\/www.arnoschrauwers.nl\/weblog\/wp-content\/uploads\/20110316_euphrate_syria_600.jpg"},{"@type":"BreadcrumbList","@id":"https:\/\/www.arnoschrauwers.nl\/weblog\/27\/02\/2014\/droogte-mede-oorzaak-burgeroorlog-syrie\/#breadcrumb","itemListElement":[{"@type":"ListItem","position":1,"name":"Home","item":"https:\/\/www.arnoschrauwers.nl\/weblog\/"},{"@type":"ListItem","position":2,"name":"Droogte mede oorzaak burgeroorlog Syri\u00eb"}]},{"@type":"WebSite","@id":"https:\/\/www.arnoschrauwers.nl\/weblog\/#website","url":"https:\/\/www.arnoschrauwers.nl\/weblog\/","name":"Geleerd uitschot","description":"Over wetenschap en ander vermaak","potentialAction":[{"@type":"SearchAction","target":{"@type":"EntryPoint","urlTemplate":"https:\/\/www.arnoschrauwers.nl\/weblog\/?s={search_term_string}"},"query-input":{"@type":"PropertyValueSpecification","valueRequired":true,"valueName":"search_term_string"}}],"inLanguage":"nl-NL"},{"@type":"Person","@id":"https:\/\/www.arnoschrauwers.nl\/weblog\/#\/schema\/person\/8c74e34597e3e2a46ff9b2fb8483fde2","name":"arno s","image":{"@type":"ImageObject","inLanguage":"nl-NL","@id":"https:\/\/secure.gravatar.com\/avatar\/bb84bca689a0564d3856b4db510b1c81bd818da9cf10a0ca85a6a84687de5ad3?s=96&d=blank&r=g","url":"https:\/\/secure.gravatar.com\/avatar\/bb84bca689a0564d3856b4db510b1c81bd818da9cf10a0ca85a6a84687de5ad3?s=96&d=blank&r=g","contentUrl":"https:\/\/secure.gravatar.com\/avatar\/bb84bca689a0564d3856b4db510b1c81bd818da9cf10a0ca85a6a84687de5ad3?s=96&d=blank&r=g","caption":"arno s"},"sameAs":["http:\/\/www.arnoschrauwers.nl"]}]}},"_links":{"self":[{"href":"https:\/\/www.arnoschrauwers.nl\/weblog\/wp-json\/wp\/v2\/posts\/2638","targetHints":{"allow":["GET"]}}],"collection":[{"href":"https:\/\/www.arnoschrauwers.nl\/weblog\/wp-json\/wp\/v2\/posts"}],"about":[{"href":"https:\/\/www.arnoschrauwers.nl\/weblog\/wp-json\/wp\/v2\/types\/post"}],"author":[{"embeddable":true,"href":"https:\/\/www.arnoschrauwers.nl\/weblog\/wp-json\/wp\/v2\/users\/2"}],"replies":[{"embeddable":true,"href":"https:\/\/www.arnoschrauwers.nl\/weblog\/wp-json\/wp\/v2\/comments?post=2638"}],"version-history":[{"count":1,"href":"https:\/\/www.arnoschrauwers.nl\/weblog\/wp-json\/wp\/v2\/posts\/2638\/revisions"}],"predecessor-version":[{"id":2640,"href":"https:\/\/www.arnoschrauwers.nl\/weblog\/wp-json\/wp\/v2\/posts\/2638\/revisions\/2640"}],"wp:attachment":[{"href":"https:\/\/www.arnoschrauwers.nl\/weblog\/wp-json\/wp\/v2\/media?parent=2638"}],"wp:term":[{"taxonomy":"category","embeddable":true,"href":"https:\/\/www.arnoschrauwers.nl\/weblog\/wp-json\/wp\/v2\/categories?post=2638"},{"taxonomy":"post_tag","embeddable":true,"href":"https:\/\/www.arnoschrauwers.nl\/weblog\/wp-json\/wp\/v2\/tags?post=2638"}],"curies":[{"name":"wp","href":"https:\/\/api.w.org\/{rel}","templated":true}]}}