{"id":3103,"date":"2014-05-15T20:50:42","date_gmt":"2014-05-15T18:50:42","guid":{"rendered":"http:\/\/www.arnoschrauwers.nl\/weblog\/?p=3103"},"modified":"2014-06-10T02:11:52","modified_gmt":"2014-06-10T00:11:52","slug":"antidepressiva-zouden-dementieproces-vertragen","status":"publish","type":"post","link":"https:\/\/www.arnoschrauwers.nl\/weblog\/15\/05\/2014\/antidepressiva-zouden-dementieproces-vertragen\/","title":{"rendered":"Antidepressiva zouden dementieproces vertragen"},"content":{"rendered":"<p><a href=\"http:\/\/www.arnoschrauwers.nl\/weblog\/wp-content\/uploads\/amylo\u00efdeplaque.jpg\"><img decoding=\"async\" class=\"alignleft wp-image-3104\" src=\"http:\/\/www.arnoschrauwers.nl\/weblog\/wp-content\/uploads\/amylo\u00efdeplaque.jpg\" alt=\"amylo\u00efdeplaque\" width=\"390\" srcset=\"https:\/\/www.arnoschrauwers.nl\/weblog\/wp-content\/uploads\/amylo\u00efdeplaque.jpg 600w, https:\/\/www.arnoschrauwers.nl\/weblog\/wp-content\/uploads\/amylo\u00efdeplaque-283x300.jpg 283w\" sizes=\"(max-width: 600px) 100vw, 600px\" \/><\/a>Een onderzoek uitgevoerd aan de Amerikaanse universiteit van Washington suggereert dat gebruik van antidepressiva (<a href=\"http:\/\/www.apotheek.nl\/Medische_informatie\/Medicijnen\/Producten\/Citalopram.aspx?mId=10704&amp;rId=838\">citalopram<\/a>, een zogeheten selectieve serotonineherop-nameremmer of SSRI)) de voortschrijding van het <a href=\"http:\/\/stm.sciencemag.org\/content\/6\/236\/236re4\">aftakelingsproces bij dementie zou remmen<\/a>. De groei van de <a href=\"http:\/\/nl.wikipedia.org\/wiki\/Amylo%C3%AFde_plaques\">amylo\u00efde \u00df-plaque (of beta-amylo\u00efde<\/a>plaque) zou op zijn minst worden vertraagd. Dat zou uit proeven met demente muizen en met\u00a0gezonde mensen zijn gebleken.<br \/>\n<!--more--><\/p>\n<p>&#8220;Eerder ontdekten wij dat er een verband is tussen antidepressiva en de amylo\u00efde \u00df-plaque in de hersens&#8221;, zegt psychiatrisch onderzoekster\u00a0<a href=\"http:\/\/wuphysicians.wustl.edu\/physician2.aspx?PhysNum=1319\">Yvette Sheline<\/a>. &#8220;In dit onderzoek bekeken we het verband tussen de duur ven het gebruik van antidepressiva en de plaque, die we met PET-scans vastlegden. Nu hebben we de zaak een stap verder gebracht door het effect te testen van citalopram op het <a href=\"http:\/\/www.alzheimer-nederland.nl\/begrippen\/b%C3%A8ta-amylo%C3%AFd.aspx\">amylo\u00efde<\/a>-niveau in het <a href=\"http:\/\/nl.wikipedia.org\/wiki\/Hersenvocht\">hersenvocht<\/a> van jonge, gezonde vrijwilligers.&#8221;<br \/>\nCitalopram bleek aanzienlijke effecten te hebben. Bij muizen werd de amylo\u00efdeconcentratie in de <a href=\"http:\/\/nl.wikipedia.org\/wiki\/Interstitium\">interstiti\u00eble vloeistof <\/a>in de hersens\u00a0gemeten. Het bleek dat citalopram de concentraties aan amylo\u00efde-\u00df verlaagde. De verlaging was afhankelijk van de dosis. Twee maanden medicatie bij muizen met een amylo\u00efde-plaque in de hersens bleek te resulteren in het stoppen van de groei van de plaque en er ontstonden geen nieuwe plaques in vergelijking met een controlegroep, die suikerwater kreeg toegediend. Op bestaande plaques had het antidepressivum geen invloed.<\/p>\n<p>Parallel aan het muisonderzoek werd bij 23 gezonde proefpersonen van 18 tot 50 jaar, die nooit eerder antidepressiva hadden geslikt, onderzoek gedaan naar de effecten van citalopram met een dosis die overeenkwam met de dosis die de muizen kregen. Een dubbelblind onderzoek zou hebben aangetoond dat de amylo\u00efde-\u00df-concentratie in het hersenvocht in een 37-uurs test met 38% zakte in vergelijking met een placebo. In de citalopram-groep daalde de aanmaak van amylo\u00efde-\u00df vergeleken bij de controlegroep. De remmers van de heropname van serotonine ontlenen hun werkzaamheid aan het blokkeren van de heropname van de neurotransmitter serotonine in de presynaptische delen van de hersencellen, waardoor de beschikbaarheid van serotonine groeit en de amylo\u00efde-\u00df-productie daalt. Dit onderzoek suggereert op zijn minst dat de reductie van het amylo\u00efde-eiwit volgens verschillende routes wordt bereikt. Het vermoeden bestaat dat zelfs een kleine reductie van\u00a0\u00a0amylo\u00efde-\u00df in het hersenvocht een cascade aan gebeurtenissen kan voorkomen die uiteindelijk tot de ziekte van Alzheimer leidt. &#8220;We hebben laten zien dat we de aanmaak van\u00a0\u00a0amylo\u00efde-\u00df kunnen verlagen, maar we zijn nog lang niet zo ver om te kunnen zeggen dat we de achteruitgang die geassocieerd is met Alzheimer kunnen stoppen&#8221;, zegt Sheline. &#8220;We werken aan een beter begrip van de werking van deze antidepressiva, die een belofte inhouden als het gaat om preventie, terwijl we stukje bij beetje de processen achterhalen die aan het ontstaan en de ontwikkeling van dementie ten grondslag liggen.&#8221; Overigens liggen deze antidepressiva nogal stevig onder vuur vanwege de nogal <a href=\"http:\/\/gezondheid-voeding.todio.nl\/geestelijke-gezondheid\/overzicht-vervelend-bijwerking-ssri-antidepressiva-5692.html\">heftige bijwerkingen<\/a> die mogelijk zijn.<\/p>\n<p><em>\u00a0Bron:<a href=\"http:\/\/www.eurekalert.org\/pub_releases\/2014-05\/uops-cah051314.php\"> Eurekalert<\/a><\/em><\/p>\n","protected":false},"excerpt":{"rendered":"<p>Een onderzoek uitgevoerd aan de Amerikaanse universiteit van Washington suggereert dat gebruik van antidepressiva (citalopram, een zogeheten selectieve serotonineherop-nameremmer of SSRI)) de voortschrijding van het aftakelingsproces bij dementie zou remmen. De groei van de amylo\u00efde \u00df-plaque (of beta-amylo\u00efdeplaque) zou op &hellip; <a href=\"https:\/\/www.arnoschrauwers.nl\/weblog\/15\/05\/2014\/antidepressiva-zouden-dementieproces-vertragen\/\">Lees verder <span class=\"meta-nav\">&rarr;<\/span><\/a><\/p>\n","protected":false},"author":2,"featured_media":0,"comment_status":"open","ping_status":"open","sticky":false,"template":"","format":"standard","meta":{"footnotes":""},"categories":[20,96],"tags":[1805,1017,1806,1322,1226,1808,1807,1531],"class_list":["post-3103","post","type-post","status-publish","format-standard","hentry","category-gezondheid","category-hersens","tag-amyloideplaques","tag-beta-amyloide","tag-citalopram","tag-dementie","tag-hersenvocht","tag-neurotransmitters","tag-serotonine","tag-ziekte-van-alzheimer"],"yoast_head":"<!-- This site is optimized with the Yoast SEO plugin v27.4 - https:\/\/yoast.com\/product\/yoast-seo-wordpress\/ -->\n<title>Antidepressiva zouden dementieproces vertragen - Geleerd uitschot<\/title>\n<meta name=\"description\" content=\"Antidepressiva lijken de ontwikkeling van dementie in de vorm van amylo\u00efde \u00df-plaques op zijn minst te remmen.\" \/>\n<meta name=\"robots\" content=\"index, follow, max-snippet:-1, max-image-preview:large, max-video-preview:-1\" \/>\n<link rel=\"canonical\" href=\"https:\/\/www.arnoschrauwers.nl\/weblog\/15\/05\/2014\/antidepressiva-zouden-dementieproces-vertragen\/\" \/>\n<meta property=\"og:locale\" content=\"nl_NL\" \/>\n<meta property=\"og:type\" content=\"article\" \/>\n<meta property=\"og:title\" content=\"Antidepressiva zouden dementieproces vertragen - Geleerd uitschot\" \/>\n<meta property=\"og:description\" content=\"Antidepressiva lijken de ontwikkeling van dementie in de vorm van amylo\u00efde \u00df-plaques op zijn minst te remmen.\" \/>\n<meta property=\"og:url\" content=\"https:\/\/www.arnoschrauwers.nl\/weblog\/15\/05\/2014\/antidepressiva-zouden-dementieproces-vertragen\/\" \/>\n<meta property=\"og:site_name\" content=\"Geleerd uitschot\" \/>\n<meta property=\"article:published_time\" content=\"2014-05-15T18:50:42+00:00\" \/>\n<meta property=\"article:modified_time\" content=\"2014-06-10T00:11:52+00:00\" \/>\n<meta property=\"og:image\" content=\"http:\/\/www.arnoschrauwers.nl\/weblog\/wp-content\/uploads\/amylo\u00efdeplaque.jpg\" \/>\n<meta name=\"author\" content=\"arno s\" \/>\n<meta name=\"twitter:label1\" content=\"Geschreven door\" \/>\n\t<meta name=\"twitter:data1\" content=\"arno s\" \/>\n\t<meta name=\"twitter:label2\" content=\"Geschatte leestijd\" \/>\n\t<meta name=\"twitter:data2\" content=\"2 minuten\" \/>\n<script type=\"application\/ld+json\" class=\"yoast-schema-graph\">{\"@context\":\"https:\\\/\\\/schema.org\",\"@graph\":[{\"@type\":\"Article\",\"@id\":\"https:\\\/\\\/www.arnoschrauwers.nl\\\/weblog\\\/15\\\/05\\\/2014\\\/antidepressiva-zouden-dementieproces-vertragen\\\/#article\",\"isPartOf\":{\"@id\":\"https:\\\/\\\/www.arnoschrauwers.nl\\\/weblog\\\/15\\\/05\\\/2014\\\/antidepressiva-zouden-dementieproces-vertragen\\\/\"},\"author\":{\"name\":\"arno s\",\"@id\":\"https:\\\/\\\/www.arnoschrauwers.nl\\\/weblog\\\/#\\\/schema\\\/person\\\/8c74e34597e3e2a46ff9b2fb8483fde2\"},\"headline\":\"Antidepressiva zouden dementieproces vertragen\",\"datePublished\":\"2014-05-15T18:50:42+00:00\",\"dateModified\":\"2014-06-10T00:11:52+00:00\",\"mainEntityOfPage\":{\"@id\":\"https:\\\/\\\/www.arnoschrauwers.nl\\\/weblog\\\/15\\\/05\\\/2014\\\/antidepressiva-zouden-dementieproces-vertragen\\\/\"},\"wordCount\":477,\"commentCount\":0,\"keywords\":[\"amylo\u00efdeplaques\",\"beta-amylo\u00efde\",\"citalopram\",\"dementie\",\"hersenvocht\",\"neurotransmitters\",\"serotonine\",\"ziekte van Alzheimer\"],\"articleSection\":[\"gezondheid\",\"hersens\"],\"inLanguage\":\"nl-NL\",\"potentialAction\":[{\"@type\":\"CommentAction\",\"name\":\"Comment\",\"target\":[\"https:\\\/\\\/www.arnoschrauwers.nl\\\/weblog\\\/15\\\/05\\\/2014\\\/antidepressiva-zouden-dementieproces-vertragen\\\/#respond\"]}]},{\"@type\":\"WebPage\",\"@id\":\"https:\\\/\\\/www.arnoschrauwers.nl\\\/weblog\\\/15\\\/05\\\/2014\\\/antidepressiva-zouden-dementieproces-vertragen\\\/\",\"url\":\"https:\\\/\\\/www.arnoschrauwers.nl\\\/weblog\\\/15\\\/05\\\/2014\\\/antidepressiva-zouden-dementieproces-vertragen\\\/\",\"name\":\"Antidepressiva zouden dementieproces vertragen - Geleerd uitschot\",\"isPartOf\":{\"@id\":\"https:\\\/\\\/www.arnoschrauwers.nl\\\/weblog\\\/#website\"},\"datePublished\":\"2014-05-15T18:50:42+00:00\",\"dateModified\":\"2014-06-10T00:11:52+00:00\",\"author\":{\"@id\":\"https:\\\/\\\/www.arnoschrauwers.nl\\\/weblog\\\/#\\\/schema\\\/person\\\/8c74e34597e3e2a46ff9b2fb8483fde2\"},\"description\":\"Antidepressiva lijken de ontwikkeling van dementie in de vorm van amylo\u00efde \u00df-plaques op zijn minst te remmen.\",\"breadcrumb\":{\"@id\":\"https:\\\/\\\/www.arnoschrauwers.nl\\\/weblog\\\/15\\\/05\\\/2014\\\/antidepressiva-zouden-dementieproces-vertragen\\\/#breadcrumb\"},\"inLanguage\":\"nl-NL\",\"potentialAction\":[{\"@type\":\"ReadAction\",\"target\":[\"https:\\\/\\\/www.arnoschrauwers.nl\\\/weblog\\\/15\\\/05\\\/2014\\\/antidepressiva-zouden-dementieproces-vertragen\\\/\"]}]},{\"@type\":\"BreadcrumbList\",\"@id\":\"https:\\\/\\\/www.arnoschrauwers.nl\\\/weblog\\\/15\\\/05\\\/2014\\\/antidepressiva-zouden-dementieproces-vertragen\\\/#breadcrumb\",\"itemListElement\":[{\"@type\":\"ListItem\",\"position\":1,\"name\":\"Home\",\"item\":\"https:\\\/\\\/www.arnoschrauwers.nl\\\/weblog\\\/\"},{\"@type\":\"ListItem\",\"position\":2,\"name\":\"Antidepressiva zouden dementieproces vertragen\"}]},{\"@type\":\"WebSite\",\"@id\":\"https:\\\/\\\/www.arnoschrauwers.nl\\\/weblog\\\/#website\",\"url\":\"https:\\\/\\\/www.arnoschrauwers.nl\\\/weblog\\\/\",\"name\":\"Geleerd uitschot\",\"description\":\"Over wetenschap en ander vermaak\",\"potentialAction\":[{\"@type\":\"SearchAction\",\"target\":{\"@type\":\"EntryPoint\",\"urlTemplate\":\"https:\\\/\\\/www.arnoschrauwers.nl\\\/weblog\\\/?s={search_term_string}\"},\"query-input\":{\"@type\":\"PropertyValueSpecification\",\"valueRequired\":true,\"valueName\":\"search_term_string\"}}],\"inLanguage\":\"nl-NL\"},{\"@type\":\"Person\",\"@id\":\"https:\\\/\\\/www.arnoschrauwers.nl\\\/weblog\\\/#\\\/schema\\\/person\\\/8c74e34597e3e2a46ff9b2fb8483fde2\",\"name\":\"arno s\",\"image\":{\"@type\":\"ImageObject\",\"inLanguage\":\"nl-NL\",\"@id\":\"https:\\\/\\\/secure.gravatar.com\\\/avatar\\\/bb84bca689a0564d3856b4db510b1c81bd818da9cf10a0ca85a6a84687de5ad3?s=96&d=blank&r=g\",\"url\":\"https:\\\/\\\/secure.gravatar.com\\\/avatar\\\/bb84bca689a0564d3856b4db510b1c81bd818da9cf10a0ca85a6a84687de5ad3?s=96&d=blank&r=g\",\"contentUrl\":\"https:\\\/\\\/secure.gravatar.com\\\/avatar\\\/bb84bca689a0564d3856b4db510b1c81bd818da9cf10a0ca85a6a84687de5ad3?s=96&d=blank&r=g\",\"caption\":\"arno s\"},\"sameAs\":[\"http:\\\/\\\/www.arnoschrauwers.nl\"]}]}<\/script>\n<!-- \/ Yoast SEO plugin. -->","yoast_head_json":{"title":"Antidepressiva zouden dementieproces vertragen - Geleerd uitschot","description":"Antidepressiva lijken de ontwikkeling van dementie in de vorm van amylo\u00efde \u00df-plaques op zijn minst te remmen.","robots":{"index":"index","follow":"follow","max-snippet":"max-snippet:-1","max-image-preview":"max-image-preview:large","max-video-preview":"max-video-preview:-1"},"canonical":"https:\/\/www.arnoschrauwers.nl\/weblog\/15\/05\/2014\/antidepressiva-zouden-dementieproces-vertragen\/","og_locale":"nl_NL","og_type":"article","og_title":"Antidepressiva zouden dementieproces vertragen - Geleerd uitschot","og_description":"Antidepressiva lijken de ontwikkeling van dementie in de vorm van amylo\u00efde \u00df-plaques op zijn minst te remmen.","og_url":"https:\/\/www.arnoschrauwers.nl\/weblog\/15\/05\/2014\/antidepressiva-zouden-dementieproces-vertragen\/","og_site_name":"Geleerd uitschot","article_published_time":"2014-05-15T18:50:42+00:00","article_modified_time":"2014-06-10T00:11:52+00:00","og_image":[{"url":"http:\/\/www.arnoschrauwers.nl\/weblog\/wp-content\/uploads\/amylo\u00efdeplaque.jpg","type":"","width":"","height":""}],"author":"arno s","twitter_misc":{"Geschreven door":"arno s","Geschatte leestijd":"2 minuten"},"schema":{"@context":"https:\/\/schema.org","@graph":[{"@type":"Article","@id":"https:\/\/www.arnoschrauwers.nl\/weblog\/15\/05\/2014\/antidepressiva-zouden-dementieproces-vertragen\/#article","isPartOf":{"@id":"https:\/\/www.arnoschrauwers.nl\/weblog\/15\/05\/2014\/antidepressiva-zouden-dementieproces-vertragen\/"},"author":{"name":"arno s","@id":"https:\/\/www.arnoschrauwers.nl\/weblog\/#\/schema\/person\/8c74e34597e3e2a46ff9b2fb8483fde2"},"headline":"Antidepressiva zouden dementieproces vertragen","datePublished":"2014-05-15T18:50:42+00:00","dateModified":"2014-06-10T00:11:52+00:00","mainEntityOfPage":{"@id":"https:\/\/www.arnoschrauwers.nl\/weblog\/15\/05\/2014\/antidepressiva-zouden-dementieproces-vertragen\/"},"wordCount":477,"commentCount":0,"keywords":["amylo\u00efdeplaques","beta-amylo\u00efde","citalopram","dementie","hersenvocht","neurotransmitters","serotonine","ziekte van Alzheimer"],"articleSection":["gezondheid","hersens"],"inLanguage":"nl-NL","potentialAction":[{"@type":"CommentAction","name":"Comment","target":["https:\/\/www.arnoschrauwers.nl\/weblog\/15\/05\/2014\/antidepressiva-zouden-dementieproces-vertragen\/#respond"]}]},{"@type":"WebPage","@id":"https:\/\/www.arnoschrauwers.nl\/weblog\/15\/05\/2014\/antidepressiva-zouden-dementieproces-vertragen\/","url":"https:\/\/www.arnoschrauwers.nl\/weblog\/15\/05\/2014\/antidepressiva-zouden-dementieproces-vertragen\/","name":"Antidepressiva zouden dementieproces vertragen - Geleerd uitschot","isPartOf":{"@id":"https:\/\/www.arnoschrauwers.nl\/weblog\/#website"},"datePublished":"2014-05-15T18:50:42+00:00","dateModified":"2014-06-10T00:11:52+00:00","author":{"@id":"https:\/\/www.arnoschrauwers.nl\/weblog\/#\/schema\/person\/8c74e34597e3e2a46ff9b2fb8483fde2"},"description":"Antidepressiva lijken de ontwikkeling van dementie in de vorm van amylo\u00efde \u00df-plaques op zijn minst te remmen.","breadcrumb":{"@id":"https:\/\/www.arnoschrauwers.nl\/weblog\/15\/05\/2014\/antidepressiva-zouden-dementieproces-vertragen\/#breadcrumb"},"inLanguage":"nl-NL","potentialAction":[{"@type":"ReadAction","target":["https:\/\/www.arnoschrauwers.nl\/weblog\/15\/05\/2014\/antidepressiva-zouden-dementieproces-vertragen\/"]}]},{"@type":"BreadcrumbList","@id":"https:\/\/www.arnoschrauwers.nl\/weblog\/15\/05\/2014\/antidepressiva-zouden-dementieproces-vertragen\/#breadcrumb","itemListElement":[{"@type":"ListItem","position":1,"name":"Home","item":"https:\/\/www.arnoschrauwers.nl\/weblog\/"},{"@type":"ListItem","position":2,"name":"Antidepressiva zouden dementieproces vertragen"}]},{"@type":"WebSite","@id":"https:\/\/www.arnoschrauwers.nl\/weblog\/#website","url":"https:\/\/www.arnoschrauwers.nl\/weblog\/","name":"Geleerd uitschot","description":"Over wetenschap en ander vermaak","potentialAction":[{"@type":"SearchAction","target":{"@type":"EntryPoint","urlTemplate":"https:\/\/www.arnoschrauwers.nl\/weblog\/?s={search_term_string}"},"query-input":{"@type":"PropertyValueSpecification","valueRequired":true,"valueName":"search_term_string"}}],"inLanguage":"nl-NL"},{"@type":"Person","@id":"https:\/\/www.arnoschrauwers.nl\/weblog\/#\/schema\/person\/8c74e34597e3e2a46ff9b2fb8483fde2","name":"arno s","image":{"@type":"ImageObject","inLanguage":"nl-NL","@id":"https:\/\/secure.gravatar.com\/avatar\/bb84bca689a0564d3856b4db510b1c81bd818da9cf10a0ca85a6a84687de5ad3?s=96&d=blank&r=g","url":"https:\/\/secure.gravatar.com\/avatar\/bb84bca689a0564d3856b4db510b1c81bd818da9cf10a0ca85a6a84687de5ad3?s=96&d=blank&r=g","contentUrl":"https:\/\/secure.gravatar.com\/avatar\/bb84bca689a0564d3856b4db510b1c81bd818da9cf10a0ca85a6a84687de5ad3?s=96&d=blank&r=g","caption":"arno s"},"sameAs":["http:\/\/www.arnoschrauwers.nl"]}]}},"_links":{"self":[{"href":"https:\/\/www.arnoschrauwers.nl\/weblog\/wp-json\/wp\/v2\/posts\/3103","targetHints":{"allow":["GET"]}}],"collection":[{"href":"https:\/\/www.arnoschrauwers.nl\/weblog\/wp-json\/wp\/v2\/posts"}],"about":[{"href":"https:\/\/www.arnoschrauwers.nl\/weblog\/wp-json\/wp\/v2\/types\/post"}],"author":[{"embeddable":true,"href":"https:\/\/www.arnoschrauwers.nl\/weblog\/wp-json\/wp\/v2\/users\/2"}],"replies":[{"embeddable":true,"href":"https:\/\/www.arnoschrauwers.nl\/weblog\/wp-json\/wp\/v2\/comments?post=3103"}],"version-history":[{"count":6,"href":"https:\/\/www.arnoschrauwers.nl\/weblog\/wp-json\/wp\/v2\/posts\/3103\/revisions"}],"predecessor-version":[{"id":3245,"href":"https:\/\/www.arnoschrauwers.nl\/weblog\/wp-json\/wp\/v2\/posts\/3103\/revisions\/3245"}],"wp:attachment":[{"href":"https:\/\/www.arnoschrauwers.nl\/weblog\/wp-json\/wp\/v2\/media?parent=3103"}],"wp:term":[{"taxonomy":"category","embeddable":true,"href":"https:\/\/www.arnoschrauwers.nl\/weblog\/wp-json\/wp\/v2\/categories?post=3103"},{"taxonomy":"post_tag","embeddable":true,"href":"https:\/\/www.arnoschrauwers.nl\/weblog\/wp-json\/wp\/v2\/tags?post=3103"}],"curies":[{"name":"wp","href":"https:\/\/api.w.org\/{rel}","templated":true}]}}