{"id":863,"date":"2013-06-26T16:49:02","date_gmt":"2013-06-26T14:49:02","guid":{"rendered":"http:\/\/www.arnoschrauwers.nl\/weblog\/?p=863"},"modified":"2013-06-26T16:49:02","modified_gmt":"2013-06-26T14:49:02","slug":"veel-cafes-verdwenen-door-rookverbod","status":"publish","type":"post","link":"https:\/\/www.arnoschrauwers.nl\/weblog\/26\/06\/2013\/veel-cafes-verdwenen-door-rookverbod\/","title":{"rendered":"Veel caf\u00e9&#8217;s verdwenen door rookverbod"},"content":{"rendered":"<p><img decoding=\"async\" itemprop=\"image\" alt=\"Rookverbod doet in twee jaar tijd 3000 caf\u00e9s verdwijnen\" src=\"http:\/\/www.arnoschrauwers.nl\/plaatjes\/rookverbod.jpg\" width=\"400\" border=\"2\" align=\"left\"\/><br \/>\n<em><small>3000 caf\u00e9&#8217;s verdwenen in twee jaar rookverbod (foto De Standaard)<\/small><\/em><\/p>\n<p>Sinds op 1 juli 2011 in Belgi\u00eb het rookverbod in de horeca van kracht werd, zijn er daar per saldo ruim 3000 caf\u00e9s verdwenen. Dat schrijft de Waalse krant La Derni\u00e8re Heure woensdag op basis van cijfers van het <a href=\"http:\/\/www.nsz.be\/nl\/nieuws\/sectoren\/in-twee-jaar-tijd-3000-cafes-minder-in-ons-land\/\">Neutraal Syndicaat voor Zelfstandigen<\/a> (NSZ). \u00a0 Het aantal stopzettingen en faillissementen steeg in die twee jaar met 34% (Brussel zelfs 40%). De animo om een caf\u00e9 te beginnen daalde sterk: 22% minder starters. Uiteraard spelen ook andere zaken mee bij de malaise in de Belgische horeca, maar volgens de NSZ is het rookverbod de voornaamste oorzaak voor de achteruitgang.<\/p>\n<p>Bron: <a href=\"http:\/\/www.standaard.be\/cnt\/DMF20130626_00636710\">De Standaard<\/a><\/p>\n","protected":false},"excerpt":{"rendered":"<p>3000 caf\u00e9&#8217;s verdwenen in twee jaar rookverbod (foto De Standaard) Sinds op 1 juli 2011 in Belgi\u00eb het rookverbod in de horeca van kracht werd, zijn er daar per saldo ruim 3000 caf\u00e9s verdwenen. Dat schrijft de Waalse krant La &hellip; <a href=\"https:\/\/www.arnoschrauwers.nl\/weblog\/26\/06\/2013\/veel-cafes-verdwenen-door-rookverbod\/\">Lees verder <span class=\"meta-nav\">&rarr;<\/span><\/a><\/p>\n","protected":false},"author":2,"featured_media":0,"comment_status":"open","ping_status":"open","sticky":false,"template":"","format":"standard","meta":{"footnotes":""},"categories":[80,19],"tags":[366,367],"class_list":["post-863","post","type-post","status-publish","format-standard","hentry","category-economie","category-roken","tag-horeca","tag-rookverbod"],"yoast_head":"<!-- This site is optimized with the Yoast SEO plugin v27.5 - https:\/\/yoast.com\/product\/yoast-seo-wordpress\/ -->\n<title>Veel caf\u00e9&#039;s verdwenen door rookverbod - Geleerd uitschot<\/title>\n<meta name=\"robots\" content=\"index, follow, max-snippet:-1, max-image-preview:large, max-video-preview:-1\" \/>\n<link rel=\"canonical\" href=\"https:\/\/www.arnoschrauwers.nl\/weblog\/26\/06\/2013\/veel-cafes-verdwenen-door-rookverbod\/\" \/>\n<meta property=\"og:locale\" content=\"nl_NL\" \/>\n<meta property=\"og:type\" content=\"article\" \/>\n<meta property=\"og:title\" content=\"Veel caf\u00e9&#039;s verdwenen door rookverbod - Geleerd uitschot\" \/>\n<meta property=\"og:description\" content=\"3000 caf\u00e9&#8217;s verdwenen in twee jaar rookverbod (foto De Standaard) Sinds op 1 juli 2011 in Belgi\u00eb het rookverbod in de horeca van kracht werd, zijn er daar per saldo ruim 3000 caf\u00e9s verdwenen. Dat schrijft de Waalse krant La &hellip; Lees verder &rarr;\" \/>\n<meta property=\"og:url\" content=\"https:\/\/www.arnoschrauwers.nl\/weblog\/26\/06\/2013\/veel-cafes-verdwenen-door-rookverbod\/\" \/>\n<meta property=\"og:site_name\" content=\"Geleerd uitschot\" \/>\n<meta property=\"article:published_time\" content=\"2013-06-26T14:49:02+00:00\" \/>\n<meta property=\"og:image\" content=\"http:\/\/www.arnoschrauwers.nl\/plaatjes\/rookverbod.jpg\" \/>\n<meta name=\"author\" content=\"arno s\" \/>\n<meta name=\"twitter:label1\" content=\"Geschreven door\" \/>\n\t<meta name=\"twitter:data1\" content=\"arno s\" \/>\n\t<meta name=\"twitter:label2\" content=\"Geschatte leestijd\" \/>\n\t<meta name=\"twitter:data2\" content=\"1 minuut\" \/>\n<script type=\"application\/ld+json\" class=\"yoast-schema-graph\">{\"@context\":\"https:\\\/\\\/schema.org\",\"@graph\":[{\"@type\":\"Article\",\"@id\":\"https:\\\/\\\/www.arnoschrauwers.nl\\\/weblog\\\/26\\\/06\\\/2013\\\/veel-cafes-verdwenen-door-rookverbod\\\/#article\",\"isPartOf\":{\"@id\":\"https:\\\/\\\/www.arnoschrauwers.nl\\\/weblog\\\/26\\\/06\\\/2013\\\/veel-cafes-verdwenen-door-rookverbod\\\/\"},\"author\":{\"name\":\"arno s\",\"@id\":\"https:\\\/\\\/www.arnoschrauwers.nl\\\/weblog\\\/#\\\/schema\\\/person\\\/8c74e34597e3e2a46ff9b2fb8483fde2\"},\"headline\":\"Veel caf\u00e9&#8217;s verdwenen door rookverbod\",\"datePublished\":\"2013-06-26T14:49:02+00:00\",\"mainEntityOfPage\":{\"@id\":\"https:\\\/\\\/www.arnoschrauwers.nl\\\/weblog\\\/26\\\/06\\\/2013\\\/veel-cafes-verdwenen-door-rookverbod\\\/\"},\"wordCount\":112,\"commentCount\":0,\"image\":{\"@id\":\"https:\\\/\\\/www.arnoschrauwers.nl\\\/weblog\\\/26\\\/06\\\/2013\\\/veel-cafes-verdwenen-door-rookverbod\\\/#primaryimage\"},\"thumbnailUrl\":\"http:\\\/\\\/www.arnoschrauwers.nl\\\/plaatjes\\\/rookverbod.jpg\",\"keywords\":[\"horeca\",\"rookverbod\"],\"articleSection\":[\"economie\",\"roken\"],\"inLanguage\":\"nl-NL\",\"potentialAction\":[{\"@type\":\"CommentAction\",\"name\":\"Comment\",\"target\":[\"https:\\\/\\\/www.arnoschrauwers.nl\\\/weblog\\\/26\\\/06\\\/2013\\\/veel-cafes-verdwenen-door-rookverbod\\\/#respond\"]}]},{\"@type\":\"WebPage\",\"@id\":\"https:\\\/\\\/www.arnoschrauwers.nl\\\/weblog\\\/26\\\/06\\\/2013\\\/veel-cafes-verdwenen-door-rookverbod\\\/\",\"url\":\"https:\\\/\\\/www.arnoschrauwers.nl\\\/weblog\\\/26\\\/06\\\/2013\\\/veel-cafes-verdwenen-door-rookverbod\\\/\",\"name\":\"Veel caf\u00e9's verdwenen door rookverbod - Geleerd uitschot\",\"isPartOf\":{\"@id\":\"https:\\\/\\\/www.arnoschrauwers.nl\\\/weblog\\\/#website\"},\"primaryImageOfPage\":{\"@id\":\"https:\\\/\\\/www.arnoschrauwers.nl\\\/weblog\\\/26\\\/06\\\/2013\\\/veel-cafes-verdwenen-door-rookverbod\\\/#primaryimage\"},\"image\":{\"@id\":\"https:\\\/\\\/www.arnoschrauwers.nl\\\/weblog\\\/26\\\/06\\\/2013\\\/veel-cafes-verdwenen-door-rookverbod\\\/#primaryimage\"},\"thumbnailUrl\":\"http:\\\/\\\/www.arnoschrauwers.nl\\\/plaatjes\\\/rookverbod.jpg\",\"datePublished\":\"2013-06-26T14:49:02+00:00\",\"author\":{\"@id\":\"https:\\\/\\\/www.arnoschrauwers.nl\\\/weblog\\\/#\\\/schema\\\/person\\\/8c74e34597e3e2a46ff9b2fb8483fde2\"},\"breadcrumb\":{\"@id\":\"https:\\\/\\\/www.arnoschrauwers.nl\\\/weblog\\\/26\\\/06\\\/2013\\\/veel-cafes-verdwenen-door-rookverbod\\\/#breadcrumb\"},\"inLanguage\":\"nl-NL\",\"potentialAction\":[{\"@type\":\"ReadAction\",\"target\":[\"https:\\\/\\\/www.arnoschrauwers.nl\\\/weblog\\\/26\\\/06\\\/2013\\\/veel-cafes-verdwenen-door-rookverbod\\\/\"]}]},{\"@type\":\"ImageObject\",\"inLanguage\":\"nl-NL\",\"@id\":\"https:\\\/\\\/www.arnoschrauwers.nl\\\/weblog\\\/26\\\/06\\\/2013\\\/veel-cafes-verdwenen-door-rookverbod\\\/#primaryimage\",\"url\":\"http:\\\/\\\/www.arnoschrauwers.nl\\\/plaatjes\\\/rookverbod.jpg\",\"contentUrl\":\"http:\\\/\\\/www.arnoschrauwers.nl\\\/plaatjes\\\/rookverbod.jpg\"},{\"@type\":\"BreadcrumbList\",\"@id\":\"https:\\\/\\\/www.arnoschrauwers.nl\\\/weblog\\\/26\\\/06\\\/2013\\\/veel-cafes-verdwenen-door-rookverbod\\\/#breadcrumb\",\"itemListElement\":[{\"@type\":\"ListItem\",\"position\":1,\"name\":\"Home\",\"item\":\"https:\\\/\\\/www.arnoschrauwers.nl\\\/weblog\\\/\"},{\"@type\":\"ListItem\",\"position\":2,\"name\":\"Veel caf\u00e9&#8217;s verdwenen door rookverbod\"}]},{\"@type\":\"WebSite\",\"@id\":\"https:\\\/\\\/www.arnoschrauwers.nl\\\/weblog\\\/#website\",\"url\":\"https:\\\/\\\/www.arnoschrauwers.nl\\\/weblog\\\/\",\"name\":\"Geleerd uitschot\",\"description\":\"Over wetenschap en ander vermaak\",\"potentialAction\":[{\"@type\":\"SearchAction\",\"target\":{\"@type\":\"EntryPoint\",\"urlTemplate\":\"https:\\\/\\\/www.arnoschrauwers.nl\\\/weblog\\\/?s={search_term_string}\"},\"query-input\":{\"@type\":\"PropertyValueSpecification\",\"valueRequired\":true,\"valueName\":\"search_term_string\"}}],\"inLanguage\":\"nl-NL\"},{\"@type\":\"Person\",\"@id\":\"https:\\\/\\\/www.arnoschrauwers.nl\\\/weblog\\\/#\\\/schema\\\/person\\\/8c74e34597e3e2a46ff9b2fb8483fde2\",\"name\":\"arno s\",\"image\":{\"@type\":\"ImageObject\",\"inLanguage\":\"nl-NL\",\"@id\":\"https:\\\/\\\/secure.gravatar.com\\\/avatar\\\/bb84bca689a0564d3856b4db510b1c81bd818da9cf10a0ca85a6a84687de5ad3?s=96&d=blank&r=g\",\"url\":\"https:\\\/\\\/secure.gravatar.com\\\/avatar\\\/bb84bca689a0564d3856b4db510b1c81bd818da9cf10a0ca85a6a84687de5ad3?s=96&d=blank&r=g\",\"contentUrl\":\"https:\\\/\\\/secure.gravatar.com\\\/avatar\\\/bb84bca689a0564d3856b4db510b1c81bd818da9cf10a0ca85a6a84687de5ad3?s=96&d=blank&r=g\",\"caption\":\"arno s\"},\"sameAs\":[\"http:\\\/\\\/www.arnoschrauwers.nl\"]}]}<\/script>\n<!-- \/ Yoast SEO plugin. -->","yoast_head_json":{"title":"Veel caf\u00e9's verdwenen door rookverbod - Geleerd uitschot","robots":{"index":"index","follow":"follow","max-snippet":"max-snippet:-1","max-image-preview":"max-image-preview:large","max-video-preview":"max-video-preview:-1"},"canonical":"https:\/\/www.arnoschrauwers.nl\/weblog\/26\/06\/2013\/veel-cafes-verdwenen-door-rookverbod\/","og_locale":"nl_NL","og_type":"article","og_title":"Veel caf\u00e9's verdwenen door rookverbod - Geleerd uitschot","og_description":"3000 caf\u00e9&#8217;s verdwenen in twee jaar rookverbod (foto De Standaard) Sinds op 1 juli 2011 in Belgi\u00eb het rookverbod in de horeca van kracht werd, zijn er daar per saldo ruim 3000 caf\u00e9s verdwenen. Dat schrijft de Waalse krant La &hellip; Lees verder &rarr;","og_url":"https:\/\/www.arnoschrauwers.nl\/weblog\/26\/06\/2013\/veel-cafes-verdwenen-door-rookverbod\/","og_site_name":"Geleerd uitschot","article_published_time":"2013-06-26T14:49:02+00:00","og_image":[{"url":"http:\/\/www.arnoschrauwers.nl\/plaatjes\/rookverbod.jpg","type":"","width":"","height":""}],"author":"arno s","twitter_misc":{"Geschreven door":"arno s","Geschatte leestijd":"1 minuut"},"schema":{"@context":"https:\/\/schema.org","@graph":[{"@type":"Article","@id":"https:\/\/www.arnoschrauwers.nl\/weblog\/26\/06\/2013\/veel-cafes-verdwenen-door-rookverbod\/#article","isPartOf":{"@id":"https:\/\/www.arnoschrauwers.nl\/weblog\/26\/06\/2013\/veel-cafes-verdwenen-door-rookverbod\/"},"author":{"name":"arno s","@id":"https:\/\/www.arnoschrauwers.nl\/weblog\/#\/schema\/person\/8c74e34597e3e2a46ff9b2fb8483fde2"},"headline":"Veel caf\u00e9&#8217;s verdwenen door rookverbod","datePublished":"2013-06-26T14:49:02+00:00","mainEntityOfPage":{"@id":"https:\/\/www.arnoschrauwers.nl\/weblog\/26\/06\/2013\/veel-cafes-verdwenen-door-rookverbod\/"},"wordCount":112,"commentCount":0,"image":{"@id":"https:\/\/www.arnoschrauwers.nl\/weblog\/26\/06\/2013\/veel-cafes-verdwenen-door-rookverbod\/#primaryimage"},"thumbnailUrl":"http:\/\/www.arnoschrauwers.nl\/plaatjes\/rookverbod.jpg","keywords":["horeca","rookverbod"],"articleSection":["economie","roken"],"inLanguage":"nl-NL","potentialAction":[{"@type":"CommentAction","name":"Comment","target":["https:\/\/www.arnoschrauwers.nl\/weblog\/26\/06\/2013\/veel-cafes-verdwenen-door-rookverbod\/#respond"]}]},{"@type":"WebPage","@id":"https:\/\/www.arnoschrauwers.nl\/weblog\/26\/06\/2013\/veel-cafes-verdwenen-door-rookverbod\/","url":"https:\/\/www.arnoschrauwers.nl\/weblog\/26\/06\/2013\/veel-cafes-verdwenen-door-rookverbod\/","name":"Veel caf\u00e9's verdwenen door rookverbod - Geleerd uitschot","isPartOf":{"@id":"https:\/\/www.arnoschrauwers.nl\/weblog\/#website"},"primaryImageOfPage":{"@id":"https:\/\/www.arnoschrauwers.nl\/weblog\/26\/06\/2013\/veel-cafes-verdwenen-door-rookverbod\/#primaryimage"},"image":{"@id":"https:\/\/www.arnoschrauwers.nl\/weblog\/26\/06\/2013\/veel-cafes-verdwenen-door-rookverbod\/#primaryimage"},"thumbnailUrl":"http:\/\/www.arnoschrauwers.nl\/plaatjes\/rookverbod.jpg","datePublished":"2013-06-26T14:49:02+00:00","author":{"@id":"https:\/\/www.arnoschrauwers.nl\/weblog\/#\/schema\/person\/8c74e34597e3e2a46ff9b2fb8483fde2"},"breadcrumb":{"@id":"https:\/\/www.arnoschrauwers.nl\/weblog\/26\/06\/2013\/veel-cafes-verdwenen-door-rookverbod\/#breadcrumb"},"inLanguage":"nl-NL","potentialAction":[{"@type":"ReadAction","target":["https:\/\/www.arnoschrauwers.nl\/weblog\/26\/06\/2013\/veel-cafes-verdwenen-door-rookverbod\/"]}]},{"@type":"ImageObject","inLanguage":"nl-NL","@id":"https:\/\/www.arnoschrauwers.nl\/weblog\/26\/06\/2013\/veel-cafes-verdwenen-door-rookverbod\/#primaryimage","url":"http:\/\/www.arnoschrauwers.nl\/plaatjes\/rookverbod.jpg","contentUrl":"http:\/\/www.arnoschrauwers.nl\/plaatjes\/rookverbod.jpg"},{"@type":"BreadcrumbList","@id":"https:\/\/www.arnoschrauwers.nl\/weblog\/26\/06\/2013\/veel-cafes-verdwenen-door-rookverbod\/#breadcrumb","itemListElement":[{"@type":"ListItem","position":1,"name":"Home","item":"https:\/\/www.arnoschrauwers.nl\/weblog\/"},{"@type":"ListItem","position":2,"name":"Veel caf\u00e9&#8217;s verdwenen door rookverbod"}]},{"@type":"WebSite","@id":"https:\/\/www.arnoschrauwers.nl\/weblog\/#website","url":"https:\/\/www.arnoschrauwers.nl\/weblog\/","name":"Geleerd uitschot","description":"Over wetenschap en ander vermaak","potentialAction":[{"@type":"SearchAction","target":{"@type":"EntryPoint","urlTemplate":"https:\/\/www.arnoschrauwers.nl\/weblog\/?s={search_term_string}"},"query-input":{"@type":"PropertyValueSpecification","valueRequired":true,"valueName":"search_term_string"}}],"inLanguage":"nl-NL"},{"@type":"Person","@id":"https:\/\/www.arnoschrauwers.nl\/weblog\/#\/schema\/person\/8c74e34597e3e2a46ff9b2fb8483fde2","name":"arno s","image":{"@type":"ImageObject","inLanguage":"nl-NL","@id":"https:\/\/secure.gravatar.com\/avatar\/bb84bca689a0564d3856b4db510b1c81bd818da9cf10a0ca85a6a84687de5ad3?s=96&d=blank&r=g","url":"https:\/\/secure.gravatar.com\/avatar\/bb84bca689a0564d3856b4db510b1c81bd818da9cf10a0ca85a6a84687de5ad3?s=96&d=blank&r=g","contentUrl":"https:\/\/secure.gravatar.com\/avatar\/bb84bca689a0564d3856b4db510b1c81bd818da9cf10a0ca85a6a84687de5ad3?s=96&d=blank&r=g","caption":"arno s"},"sameAs":["http:\/\/www.arnoschrauwers.nl"]}]}},"_links":{"self":[{"href":"https:\/\/www.arnoschrauwers.nl\/weblog\/wp-json\/wp\/v2\/posts\/863","targetHints":{"allow":["GET"]}}],"collection":[{"href":"https:\/\/www.arnoschrauwers.nl\/weblog\/wp-json\/wp\/v2\/posts"}],"about":[{"href":"https:\/\/www.arnoschrauwers.nl\/weblog\/wp-json\/wp\/v2\/types\/post"}],"author":[{"embeddable":true,"href":"https:\/\/www.arnoschrauwers.nl\/weblog\/wp-json\/wp\/v2\/users\/2"}],"replies":[{"embeddable":true,"href":"https:\/\/www.arnoschrauwers.nl\/weblog\/wp-json\/wp\/v2\/comments?post=863"}],"version-history":[{"count":2,"href":"https:\/\/www.arnoschrauwers.nl\/weblog\/wp-json\/wp\/v2\/posts\/863\/revisions"}],"predecessor-version":[{"id":865,"href":"https:\/\/www.arnoschrauwers.nl\/weblog\/wp-json\/wp\/v2\/posts\/863\/revisions\/865"}],"wp:attachment":[{"href":"https:\/\/www.arnoschrauwers.nl\/weblog\/wp-json\/wp\/v2\/media?parent=863"}],"wp:term":[{"taxonomy":"category","embeddable":true,"href":"https:\/\/www.arnoschrauwers.nl\/weblog\/wp-json\/wp\/v2\/categories?post=863"},{"taxonomy":"post_tag","embeddable":true,"href":"https:\/\/www.arnoschrauwers.nl\/weblog\/wp-json\/wp\/v2\/tags?post=863"}],"curies":[{"name":"wp","href":"https:\/\/api.w.org\/{rel}","templated":true}]}}